{"id":6242,"date":"2025-02-03T11:37:12","date_gmt":"2025-02-03T08:37:12","guid":{"rendered":"https:\/\/haircenterofturkey.com\/perte-des-cheveux-de-la-couronne-causes-traitements-et-prevention\/"},"modified":"2026-01-16T14:37:00","modified_gmt":"2026-01-16T11:37:00","slug":"perte-des-cheveux-de-la-couronne-causes-traitements-et-prevention","status":"publish","type":"post","link":"https:\/\/haircenterofturkey.com\/fr\/perte-des-cheveux-de-la-couronne-causes-traitements-et-prevention\/","title":{"rendered":"Perte des cheveux de la couronne : causes, traitements et pr\u00e9vention"},"content":{"rendered":"<h2><b>Perte de cheveux au niveau du vertex\u00a0: causes, traitements et pr\u00e9vention<\/b><\/h2>\n<p><span style=\"font-weight: 400;\">La <a href=\"https:\/\/haircenterofturkey.com\/fr\/les-plus-grosses-erreurs-a-eviter-chez-le-coiffeur-et-comment-les-corriger\/\">perte de cheveux<\/a> au niveau du sommet du cr\u00e2ne (vertex) commence g\u00e9n\u00e9ralement par un amincissement progressif \u00e0 l\u2019arri\u00e8re du cuir <a href=\"https:\/\/haircenterofturkey.com\/fr\/conseils-pour-lutter-contre-leczema-du-cuir-chevelu\/\">chevelu<\/a> et est le plus souvent li\u00e9e \u00e0 l\u2019<a href=\"https:\/\/haircenterofturkey.com\/fr\/le-shampooing-anti-dht-est-il-efficace-contre-la-chute-des-cheveux\/\">alop\u00e9cie androg\u00e9n\u00e9tique<\/a>. Une prise en charge pr\u00e9coce peut faire la diff\u00e9rence\u00a0: le <a href=\"https:\/\/haircenterofturkey.com\/fr\/quels-sont-les-medicaments-utilises-pour-la-greffe-de-cheveux\/\">minoxidil<\/a> topique, les m\u00e9dicaments bloquant la DHT sur ordonnance (si adapt\u00e9s), le <a href=\"https:\/\/haircenterofturkey.com\/fr\/effets-secondaires-de-la-greffe-de-cheveux\/\">PRP<\/a>, la th\u00e9rapie au <a href=\"https:\/\/haircenterofturkey.com\/fr\/traitement-au-laser-pour-la-perte-de-cheveux\/\">laser<\/a> et les changements de mode de vie peuvent aider. En cas de perte avanc\u00e9e, la <a href=\"https:\/\/haircenterofturkey.com\/fr\/comment-maximiser-efficacement-la-survie-des-cheveux-apres-une-greffe-fue\/\">greffe<\/a> capillaire est une option.<\/span><\/p>\n<p><span style=\"font-weight: 400;\">La perte de cheveux au niveau du vertex est l\u2019un des sch\u00e9mas d\u2019amincissement les plus courants, notamment dans l\u2019alop\u00e9cie androg\u00e9n\u00e9tique (chez l\u2019homme ou la femme). Comme cette zone est difficile \u00e0 voir, de nombreuses personnes ne la remarquent qu\u2019apr\u00e8s avoir vu des photos ou sous un \u00e9clairage fort r\u00e9v\u00e9lant une zone d\u00e9garnie.<\/span><\/p>\n<p><span style=\"font-weight: 400;\">La bonne nouvelle est que cet amincissement est souvent g\u00e9rable lorsqu\u2019on agit t\u00f4t. Le bon plan d\u00e9pend de la cause, de la dur\u00e9e de la chute et de l\u2019activit\u00e9 des follicules.<\/span><\/p>\n<p><img decoding=\"async\" src=\"https:\/\/haircenterofturkey.com\/wp-content\/uploads\/2025\/02\/crown-hair-loss-12x8-2.webp\" alt=\"Perte de cheveux au niveau du vertex\u00a0: causes, traitements et pr\u00e9vention\" title=\"\"><\/p>\n<h2 style=\"text-align: left;\"><b>Quelles sont les causes de la perte de cheveux au niveau du vertex\u00a0?<\/b><\/h2>\n<p><span style=\"font-weight: 400;\">L\u2019amincissement du vertex est le plus souvent caus\u00e9 par la g\u00e9n\u00e9tique et la sensibilit\u00e9 \u00e0 la dihydrotestost\u00e9rone (DHT), qui peut progressivement r\u00e9tr\u00e9cir les <a href=\"https:\/\/haircenterofturkey.com\/fr\/est-il-possible-de-recevoir-une-greffe-de-cheveux-dune-autre-personne\/\">follicules pileux<\/a>. Cela dit, toutes les zones chauves ne sont pas dues \u00e0 une alop\u00e9cie androg\u00e9n\u00e9tique, et un changement soudain m\u00e9rite une attention particuli\u00e8re.<\/span><\/p>\n<p><span style=\"font-weight: 400;\">Parmi les causes courantes, on retrouve\u00a0:<\/span><\/p>\n<ul>\n<li style=\"font-weight: 400;\" aria-level=\"1\"><span style=\"font-weight: 400;\">G\u00e9n\u00e9tique\u00a0: des ant\u00e9c\u00e9dents familiaux d\u2019alop\u00e9cie androg\u00e9n\u00e9tique augmentent le risque.<\/span><\/li>\n<li style=\"font-weight: 400;\" aria-level=\"1\"><span style=\"font-weight: 400;\">Sensibilit\u00e9 hormonale (DHT)\u00a0: les follicules du vertex peuvent se miniaturiser et produire des cheveux plus fins.<\/span><\/li>\n<li style=\"font-weight: 400;\" aria-level=\"1\"><span style=\"font-weight: 400;\">Changements li\u00e9s \u00e0 l\u2019\u00e2ge\u00a0: les cycles de croissance ralentissent et la densit\u00e9 capillaire peut diminuer.<\/span><\/li>\n<li style=\"font-weight: 400;\" aria-level=\"1\"><span style=\"font-weight: 400;\">Inflammation du <a href=\"https:\/\/haircenterofturkey.com\/fr\/comment-diminuer-les-demangeaisons-de-son-cuir-chevelu\/\">cuir chevelu<\/a>\u00a0: des <a href=\"https:\/\/haircenterofturkey.com\/fr\/effets-de-leau-salee-sur-les-cheveux-avantages-risques-et-conseils-de-protection\/\">pellicules<\/a> persistantes, une dermatite ou des irritations peuvent aggraver la chute.<\/span><\/li>\n<li style=\"font-weight: 400;\" aria-level=\"1\"><span style=\"font-weight: 400;\">Facteurs de sant\u00e9 et de mode de vie\u00a0: le stress, le tabac, le manque de sommeil et les carences nutritionnelles peuvent contribuer.<\/span><\/li>\n<\/ul>\n<p><span style=\"font-weight: 400;\">En cas de chute rapide, perte localis\u00e9e, douleurs du cuir chevelu, desquamation importante ou perte de cheveux apr\u00e8s une maladie ou la prise d\u2019un nouveau m\u00e9dicament, il est conseill\u00e9 de consulter un dermatologue pour exclure une cause m\u00e9dicale traitable.<\/span><\/p>\n<p><img decoding=\"async\" src=\"https:\/\/haircenterofturkey.com\/wp-content\/uploads\/2025\/02\/crown-hair-loss-12x8-1.webp\" alt=\"Perte de cheveux au niveau du vertex\u00a0: causes, traitements et pr\u00e9vention\" title=\"\"><\/p>\n<h2 style=\"text-align: left;\"><b>Signes de perte de cheveux au niveau du vertex<\/b><\/h2>\n<p><span style=\"font-weight: 400;\">Les premiers signes sont souvent subtils. Soyez attentif \u00e0 des changements comme\u00a0:<\/span><\/p>\n<ul>\n<li><span style=\"font-weight: 400;\">Un amincissement visible au niveau du sommet sous une lumi\u00e8re directe.<\/span><\/li>\n<li><span style=\"font-weight: 400;\">Une raie qui s\u2019\u00e9largit ou une petite zone circulaire d\u00e9garnie.<\/span><\/li>\n<li><span style=\"font-weight: 400;\">Plus de cheveux retrouv\u00e9s sur l\u2019oreiller, dans la douche ou sur la brosse.<\/span><\/li>\n<\/ul>\n<h2><b>Options de traitement pour la perte de cheveux au niveau du vertex<\/b><\/h2>\n<p><span style=\"font-weight: 400;\">Les traitements sont plus efficaces lorsqu\u2019ils sont adapt\u00e9s \u00e0 la cause et au stade de la perte. Un professionnel pourra vous aider \u00e0 choisir selon vos ant\u00e9c\u00e9dents m\u00e9dicaux, l\u2019\u00e9tat du cuir chevelu et vos attentes.<\/span><\/p>\n<h3><b>M\u00e9dicaments<\/b><\/h3>\n<p><span style=\"font-weight: 400;\">Les m\u00e9dicaments sont souvent le premier recours pour l\u2019alop\u00e9cie androg\u00e9n\u00e9tique. Les r\u00e9sultats sont progressifs et n\u00e9cessitent g\u00e9n\u00e9ralement une utilisation r\u00e9guli\u00e8re.<\/span><\/p>\n<ul>\n<li style=\"font-weight: 400;\" aria-level=\"1\"><span style=\"font-weight: 400;\">Minoxidil\u00a0: un traitement topique qui peut favoriser une repousse plus dense et r\u00e9duire la chute.<\/span><\/li>\n<li style=\"font-weight: 400;\" aria-level=\"1\"><span style=\"font-weight: 400;\"><a href=\"https:\/\/haircenterofturkey.com\/fr\/dois-je-prendre-du-finasteride-apres-ma-greffe-de-cheveux\/\">Finast\u00e9ride<\/a>\u00a0: une option sur ordonnance pour de nombreux hommes qui r\u00e9duit la DHT\u00a0; discutez des avantages et des effets secondaires avec votre m\u00e9decin.<\/span><\/li>\n<\/ul>\n<p><span style=\"font-weight: 400;\">Les femmes peuvent se voir proposer d\u2019autres traitements en fonction de la cause de l\u2019amincissement, de leur projet de grossesse et de leurs ant\u00e9c\u00e9dents m\u00e9dicaux.<\/span><\/p>\n<p><img decoding=\"async\" src=\"https:\/\/haircenterofturkey.com\/wp-content\/uploads\/2025\/02\/crown-hair-loss-3.webp\" alt=\"Perte de cheveux au niveau du vertex\u00a0: causes, traitements et pr\u00e9vention\" title=\"\"><\/p>\n<h3><b>Greffe capillaire<\/b><\/h3>\n<p><span style=\"font-weight: 400;\">Des techniques comme la <a href=\"https:\/\/haircenterofturkey.com\/fr\/avant-et-apres-fue-2024\/\">FUE<\/a> (extraction d\u2019unit\u00e9s folliculaires) et la <a href=\"https:\/\/haircenterofturkey.com\/fr\/comparaison-des-greffes-de-barbe-dhi-et-fue-laquelle-vous-convient-le-mieux\/\">DHI<\/a> (implantation directe de cheveux) permettent de redensifier le vertex en transf\u00e9rant des follicules sains depuis la <a href=\"https:\/\/haircenterofturkey.com\/fr\/zone-donneuse-apres-une-greffe-de-cheveux\/\">zone donneuse<\/a>. Le <a href=\"https:\/\/haircenterofturkey.com\/fr\/quel-est-lage-ideal-pour-beneficier-dune-greffe-de-cheveux\/\">r\u00e9sultat naturel<\/a> d\u00e9pend de la densit\u00e9 donneuse, de la surface d\u00e9garnie et d\u2019un plan tenant compte des pertes futures.<\/span><\/p>\n<p><img decoding=\"async\" src=\"https:\/\/haircenterofturkey.com\/wp-content\/uploads\/2025\/02\/crown-hair-loss-2.webp\" alt=\"Perte de cheveux au niveau du vertex\u00a0: causes, traitements et pr\u00e9vention\" title=\"\"><\/p>\n<h3><b>Th\u00e9rapie PRP<\/b><\/h3>\n<p><span style=\"font-weight: 400;\">Le plasma riche en plaquettes (PRP) consiste \u00e0 injecter des plaquettes concentr\u00e9es dans des zones cibl\u00e9es du cuir chevelu pour stimuler l\u2019activit\u00e9 des follicules. Il est souvent utilis\u00e9 en compl\u00e9ment des traitements m\u00e9dicaux ou apr\u00e8s une greffe.<\/span><\/p>\n<p><img decoding=\"async\" src=\"https:\/\/haircenterofturkey.com\/wp-content\/uploads\/2025\/02\/crown-hair-loss-1.webp\" alt=\"Perte de cheveux au niveau du vertex\u00a0: causes, traitements et pr\u00e9vention\" title=\"\"><\/p>\n<h3><b>Th\u00e9rapie au laser \u00e0 faible intensit\u00e9<\/b><\/h3>\n<p><span style=\"font-weight: 400;\">La th\u00e9rapie laser \u00e0 faible intensit\u00e9 (LLLT) peut aider certaines personnes \u00e0 am\u00e9liorer l\u2019\u00e9paisseur des cheveux en stimulant les follicules. Elle fonctionne mieux int\u00e9gr\u00e9e dans une routine globale qu\u2019en solution unique.<\/span><\/p>\n<p><img decoding=\"async\" src=\"https:\/\/haircenterofturkey.com\/wp-content\/uploads\/2025\/02\/crown-hair-loss.webp\" alt=\"Perte de cheveux au niveau du vertex\u00a0: causes, traitements et pr\u00e9vention\" title=\"\"><\/p>\n<h2 style=\"text-align: left;\"><b>Comment pr\u00e9venir la perte de cheveux au niveau du vertex<\/b><\/h2>\n<p><span style=\"font-weight: 400;\">On ne peut pas changer sa g\u00e9n\u00e9tique, mais on peut limiter les facteurs d\u00e9clenchants et prot\u00e9ger la qualit\u00e9 du cheveu. Ces habitudes favorisent un <a href=\"https:\/\/haircenterofturkey.com\/fr\/huile-de-jojoba-bienfaits-utilisations-et-mode-demploi\/\">cuir chevelu sain<\/a> et peuvent ralentir l\u2019amincissement\u00a0:<\/span><\/p>\n<ul>\n<li><span style=\"font-weight: 400;\">Adoptez une alimentation \u00e9quilibr\u00e9e avec suffisamment de prot\u00e9ines, fer, zinc et vitamine D.<\/span><\/li>\n<li><span style=\"font-weight: 400;\">G\u00e9rez le stress avec de l\u2019activit\u00e9 physique, un bon sommeil et des routines r\u00e9alistes.<\/span><\/li>\n<li><span style=\"font-weight: 400;\">Utilisez des <a href=\"https:\/\/haircenterofturkey.com\/fr\/comment-utiliser-lhuile-de-coco-dans-les-soins-capillaires\/\">soins capillaires<\/a> doux et \u00e9vitez la chaleur excessive ou les traitements chimiques agressifs.<\/span><\/li>\n<li><span style=\"font-weight: 400;\">\u00c9vitez les coiffures trop serr\u00e9es qui tirent sur le cuir chevelu (traction).<\/span><\/li>\n<li><span style=\"font-weight: 400;\">Traitez les affections du cuir chevelu comme les pellicules d\u00e8s leur apparition pour r\u00e9duire l\u2019inflammation.<\/span><\/li>\n<\/ul>\n<h2 style=\"text-align: left;\"><b>FAQ<\/b><\/h2>\n<h3><b>Peut-on inverser une perte de cheveux pr\u00e9coce au niveau du vertex\u00a0?<\/b><\/h3>\n<p><span style=\"font-weight: 400;\">Si les follicules sont encore actifs, l\u2019amincissement peut souvent \u00eatre am\u00e9lior\u00e9 ou stabilis\u00e9 avec un traitement r\u00e9gulier. Une \u00e9valuation pr\u00e9coce est essentielle car les follicules miniaturis\u00e9s depuis longtemps r\u00e9pondent moins bien.<\/span><\/p>\n<h3><b>Combien de temps faut-il pour que les traitements fassent effet\u00a0?<\/b><\/h3>\n<p><span style=\"font-weight: 400;\">La plupart des traitements m\u00e9dicaux n\u00e9cessitent au moins 3 \u00e0 6 mois pour produire un effet visible, avec des r\u00e9sultats plus complets \u00e0 plus long terme. La repousse apr\u00e8s une greffe est progressive et peut prendre jusqu\u2019\u00e0 12 mois.<\/span><\/p>\n<h3><b>L\u2019amincissement du vertex m\u00e8ne-t-il toujours \u00e0 la calvitie compl\u00e8te\u00a0?<\/b><\/h3>\n<p><span style=\"font-weight: 400;\">Pas n\u00e9cessairement. Certaines personnes ont un amincissement isol\u00e9 au niveau du sommet pendant des ann\u00e9es, tandis que d\u2019autres \u00e9voluent vers une perte plus \u00e9tendue. Un traitement pr\u00e9coce peut aider \u00e0 pr\u00e9server la densit\u00e9 et ralentir la progression.<\/span><\/p>\n","protected":false},"excerpt":{"rendered":"<p>Perte de cheveux au niveau du vertex\u00a0: causes, traitements et pr\u00e9vention La perte de cheveux au niveau du sommet du cr\u00e2ne (vertex) commence g\u00e9n\u00e9ralement par un amincissement progressif \u00e0 l\u2019arri\u00e8re du cuir chevelu et est le plus souvent li\u00e9e \u00e0 l\u2019alop\u00e9cie androg\u00e9n\u00e9tique. Une prise en charge pr\u00e9coce peut faire la diff\u00e9rence\u00a0: le minoxidil topique, les [&hellip;]<\/p>\n","protected":false},"author":2,"featured_media":6726,"comment_status":"closed","ping_status":"closed","sticky":false,"template":"","format":"standard","meta":{"footnotes":""},"categories":[3,145],"tags":[],"class_list":["post-6242","post","type-post","status-publish","format-standard","has-post-thumbnail","hentry","category-blog","category-perte-de-cheveux"],"_links":{"self":[{"href":"https:\/\/haircenterofturkey.com\/fr\/wp-json\/wp\/v2\/posts\/6242","targetHints":{"allow":["GET"]}}],"collection":[{"href":"https:\/\/haircenterofturkey.com\/fr\/wp-json\/wp\/v2\/posts"}],"about":[{"href":"https:\/\/haircenterofturkey.com\/fr\/wp-json\/wp\/v2\/types\/post"}],"author":[{"embeddable":true,"href":"https:\/\/haircenterofturkey.com\/fr\/wp-json\/wp\/v2\/users\/2"}],"replies":[{"embeddable":true,"href":"https:\/\/haircenterofturkey.com\/fr\/wp-json\/wp\/v2\/comments?post=6242"}],"version-history":[{"count":3,"href":"https:\/\/haircenterofturkey.com\/fr\/wp-json\/wp\/v2\/posts\/6242\/revisions"}],"predecessor-version":[{"id":15975,"href":"https:\/\/haircenterofturkey.com\/fr\/wp-json\/wp\/v2\/posts\/6242\/revisions\/15975"}],"wp:featuredmedia":[{"embeddable":true,"href":"https:\/\/haircenterofturkey.com\/fr\/wp-json\/wp\/v2\/media\/6726"}],"wp:attachment":[{"href":"https:\/\/haircenterofturkey.com\/fr\/wp-json\/wp\/v2\/media?parent=6242"}],"wp:term":[{"taxonomy":"category","embeddable":true,"href":"https:\/\/haircenterofturkey.com\/fr\/wp-json\/wp\/v2\/categories?post=6242"},{"taxonomy":"post_tag","embeddable":true,"href":"https:\/\/haircenterofturkey.com\/fr\/wp-json\/wp\/v2\/tags?post=6242"}],"curies":[{"name":"wp","href":"https:\/\/api.w.org\/{rel}","templated":true}]}}