{"id":3886,"date":"2024-10-15T09:47:35","date_gmt":"2024-10-15T06:47:35","guid":{"rendered":"https:\/\/haircenterofturkey.com\/ligne-de-demarcation-des-cheveux-matures-ou-ligne-de-demarcation-des-cheveux-en-recul\/"},"modified":"2026-03-26T09:18:05","modified_gmt":"2026-03-26T06:18:05","slug":"gamme-pour-cheveux-matures","status":"publish","type":"post","link":"https:\/\/haircenterofturkey.com\/fr\/gamme-pour-cheveux-matures\/","title":{"rendered":"Ligne de D\u00e9marcation des Cheveux Matures ou Ligne de D\u00e9marcation des Cheveux en Recul"},"content":{"rendered":"\n<h2 class=\"wp-block-heading\" id=\"ligne-mure-vs-ligne-de-cheveux-degarnie\"><b>Ligne M\u00fbre vs Ligne de Cheveux D\u00e9garnie<\/b><\/h2>\n\n\n\n<p><span style=\"font-weight: 400;\">Une ligne de cheveux m\u00fbre est un recul normal et progressif au niveau des tempes qui reste g\u00e9n\u00e9ralement uniforme et se stabilise ensuite. Une ligne de cheveux d\u00e9garnie correspond \u00e0 une <a href=\"https:\/\/haircenterofturkey.com\/fr\/les-plus-grosses-erreurs-a-eviter-chez-le-coiffeur-et-comment-les-corriger\/\">perte de cheveux<\/a> continue qui recule de mani\u00e8re in\u00e9gale, formant souvent une forme en M et parfois un \u00e9claircissement au sommet du cr\u00e2ne. Un changement rapide, une perte excessive et un \u00e9largissement des tempes sont des signes fr\u00e9quents qu\u2019il s\u2019agit de plus qu\u2019une simple maturation.<\/span><\/p>\n\n\n\n<p><span style=\"font-weight: 400;\">Voir sa ligne de cheveux changer peut \u00eatre perturbant, surtout \u00e0 la fin de l\u2019adolescence et au d\u00e9but de la vingtaine. Un certain d\u00e9placement est attendu \u00e0 mesure que la ligne de cheveux m\u00fbrit, mais une v\u00e9ritable r\u00e9cession a tendance \u00e0 progresser. Voici un moyen clair de faire la diff\u00e9rence et de choisir les prochaines \u00e9tapes de mani\u00e8re r\u00e9fl\u00e9chie.<\/span><\/p>\n\n\n\n<figure class=\"wp-block-image\"><img decoding=\"async\" src=\"https:\/\/haircenterofturkey.com\/wp-content\/uploads\/2024\/10\/Mature-Hairline-Vs-Receding-Hairline-2.webp\" alt=\"Ligne M\u00fbre vs Ligne de Cheveux D\u00e9garnie\" title=\"\"><\/figure>\n\n\n\n<div class=\"wp-block-rank-math-toc-block\" id=\"rank-math-toc\"><h2>Table des mati\u00e8res<\/h2><nav><ul><li class=\"\"><a href=\"#ligne-mure-vs-ligne-de-cheveux-degarnie\">Ligne M\u00fbre vs Ligne de Cheveux D\u00e9garnie<\/a><\/li><li class=\"\"><a href=\"#quest-ce-quune-ligne-de-cheveux-mure\">Qu\u2019est-ce qu\u2019une Ligne de Cheveux M\u00fbre ?<\/a><\/li><li class=\"\"><a href=\"#quest-ce-quune-ligne-de-cheveux-degarnie\">Qu\u2019est-ce qu\u2019une Ligne de Cheveux D\u00e9garnie ?<\/a><\/li><li class=\"\"><a href=\"#ligne-mure-vs-ligne-de-cheveux-degarnie-comparaison-rapide\">Ligne M\u00fbre vs Ligne de Cheveux D\u00e9garnie : Comparaison Rapide<\/a><\/li><li class=\"\"><a href=\"#quelles-sont-les-causes-dune-ligne-de-cheveux-degarnie\">Quelles sont les Causes d\u2019une Ligne de Cheveux D\u00e9garnie ?<\/a><\/li><li class=\"\"><a href=\"#signes-dune-recession-et-non-dune-simple-maturation\">Signes d\u2019une R\u00e9cession (et non d\u2019une Simple Maturation)<\/a><\/li><li class=\"\"><a href=\"#peut-on-stopper-une-ligne-de-cheveux-mure\">Peut-on Stopper une Ligne de Cheveux M\u00fbre ?<\/a><\/li><li class=\"\"><a href=\"#comment-ralentir-ou-traiter-une-ligne-degarnie\">Comment Ralentir ou Traiter une Ligne D\u00e9garnie<\/a><ul><li class=\"\"><a href=\"#options-medicales-fondees-sur-des-preuves\">Options M\u00e9dicales Fond\u00e9es sur des Preuves<\/a><\/li><li class=\"\"><a href=\"#options-en-clinique-et-par-appareils\">Options en Clinique et par Appareils<\/a><\/li><li class=\"\"><a href=\"#restauration-capillaire-chirurgicale\">Restauration Capillaire Chirurgicale<\/a><\/li><\/ul><\/li><li class=\"\"><a href=\"#quand-consulter-un-specialiste\">Quand Consulter un Sp\u00e9cialiste<\/a><\/li><li class=\"\"><a href=\"#f-a-q\">F.A.Q.<\/a><ul><li class=\"\"><a href=\"#faq-question-1771332229873\">Ma ligne frontale recule-t-elle ou m\u00fbrit-elle simplement ?<\/a><\/li><li class=\"\"><a href=\"#faq-question-1771332247862\">\u00c0 quel \u00e2ge les hommes ont-ils une ligne frontale mature ?<\/a><\/li><li class=\"\"><a href=\"#faq-question-1771332253618\">Qu\u2019est-ce qui est pire, l\u2019\u00e9claircissement ou le recul ?<\/a><\/li><li class=\"\"><a href=\"#faq-question-1771332260065\">Quel type de ligne frontale est le plus attirant ?<\/a><\/li><li class=\"\"><a href=\"#faq-question-1771332266627\">\u00c0 quoi ressemble une ligne frontale compl\u00e8tement mature ?<\/a><\/li><\/ul><\/li><\/ul><\/nav><\/div>\n\n\n\n<h2 class=\"wp-block-heading\" id=\"quest-ce-quune-ligne-de-cheveux-mure\"><b>Qu\u2019est-ce qu\u2019une Ligne de Cheveux M\u00fbre ?<\/b><\/h2>\n\n\n\n<p><span style=\"font-weight: 400;\">Une ligne de cheveux m\u00fbre fait partie du d\u00e9veloppement masculin normal. Les coins au niveau des tempes remontent l\u00e9g\u00e8rement, cr\u00e9ant une forme de V adoucie ou une l\u00e9g\u00e8re pointe de veuve. Le point cl\u00e9 est la sym\u00e9trie : les deux c\u00f4t\u00e9s reculent g\u00e9n\u00e9ralement \u00e0 un rythme similaire.<\/span><\/p>\n\n\n\n<p><span style=\"font-weight: 400;\">Pour de nombreux hommes, le changement commence \u00e0 la fin de l\u2019adolescence et se stabilise vers le milieu ou la fin de la vingtaine. Le d\u00e9placement est g\u00e9n\u00e9ralement modeste, souvent autour de 1 \u00e0 2 cm, et ne continue pas de reculer d\u2019ann\u00e9e en ann\u00e9e. La densit\u00e9 capillaire derri\u00e8re la ligne de cheveux reste g\u00e9n\u00e9ralement forte.<\/span><\/p>\n\n\n\n<figure class=\"wp-block-image\"><img decoding=\"async\" src=\"https:\/\/haircenterofturkey.com\/wp-content\/uploads\/2024\/10\/Mature-Hairline-Vs-Receding-Hairline-3.webp\" alt=\"Ligne M\u00fbre vs Ligne de Cheveux D\u00e9garnie\" title=\"\"><\/figure>\n\n\n\n<p><\/p>\n\n\n\n<h2 class=\"wp-block-heading\" id=\"quest-ce-quune-ligne-de-cheveux-degarnie\"><b>Qu\u2019est-ce qu\u2019une Ligne de Cheveux D\u00e9garnie ?<\/b><\/h2>\n\n\n\n<p><span style=\"font-weight: 400;\">Une ligne de cheveux d\u00e9garnie est une perte de cheveux, et non une maturation normale. Elle commence souvent au niveau des tempes, mais le recul est in\u00e9gal, ce qui donne \u00e0 la ligne frontale une apparence en M. Avec le temps, la r\u00e9cession peut s\u2019accentuer et s\u2019accompagner d\u2019un \u00e9claircissement au sommet du cr\u00e2ne.<\/span><\/p>\n\n\n\n<p><span style=\"font-weight: 400;\">Les cliniciens d\u00e9crivent souvent le sch\u00e9ma selon l\u2019\u00e9chelle de Norwood, qui \u00e9value l\u2019avancement de la r\u00e9cession et de l\u2019\u00e9claircissement du sommet. \u00c9tant donn\u00e9 que la <a href=\"https:\/\/haircenterofturkey.com\/fr\/medicaments-utilises-dans-les-traitements-contre-la-perte-de-cheveux\/\">calvitie<\/a> masculine est progressive, les gens la remarquent g\u00e9n\u00e9ralement sur des photos prises au fil du temps plut\u00f4t que par des changements soudains.<\/span><\/p>\n\n\n\n<figure class=\"wp-block-image\"><img decoding=\"async\" src=\"https:\/\/haircenterofturkey.com\/wp-content\/uploads\/2024\/10\/Mature-Hairline-Vs-Receding-Hairline-4.webp\" alt=\"Ligne M\u00fbre vs Ligne de Cheveux D\u00e9garnie\" title=\"\"><\/figure>\n\n\n\n<p><\/p>\n\n\n\n<h2 class=\"wp-block-heading\" id=\"ligne-mure-vs-ligne-de-cheveux-degarnie-comparaison-rapide\"><b>Ligne M\u00fbre vs Ligne de Cheveux D\u00e9garnie : Comparaison Rapide<\/b><\/h2>\n\n\n\n<figure class=\"wp-block-table\"><table class=\"has-fixed-layout\"><tbody><tr><td><span style=\"font-weight: 400;\">Caract\u00e9ristique<\/span><\/td><td><span style=\"font-weight: 400;\">Ligne M\u00fbre<\/span><\/td><td><span style=\"font-weight: 400;\">Ligne D\u00e9garnie<\/span><\/td><\/tr><tr><td><span style=\"font-weight: 400;\">Motif<\/span><\/td><td><span style=\"font-weight: 400;\">D\u00e9placement uniforme et sym\u00e9trique des tempes<\/span><\/td><td><span style=\"font-weight: 400;\">Recul in\u00e9gal ; forme en M fr\u00e9quente<\/span><\/td><\/tr><tr><td><span style=\"font-weight: 400;\">Amplitude du changement<\/span><\/td><td><span style=\"font-weight: 400;\">G\u00e9n\u00e9ralement l\u00e9ger (souvent 1\u20132 cm)<\/span><\/td><td><span style=\"font-weight: 400;\">Souvent plusieurs centim\u00e8tres avec le temps<\/span><\/td><\/tr><tr><td><span style=\"font-weight: 400;\">Vitesse<\/span><\/td><td><span style=\"font-weight: 400;\">Ralentit et se stabilise<\/span><\/td><td><span style=\"font-weight: 400;\">Continue \u00e0 progresser sans traitement<\/span><\/td><\/tr><tr><td><span style=\"font-weight: 400;\">Chute\/\u00e9claircissement<\/span><\/td><td><span style=\"font-weight: 400;\">Pas d\u2019augmentation notable ; densit\u00e9 similaire<\/span><\/td><td><span style=\"font-weight: 400;\">Chute, miniaturisation, et \u00e9claircissement diffus possibles<\/span><\/td><\/tr><tr><td><span style=\"font-weight: 400;\">Sommet du cr\u00e2ne<\/span><\/td><td><span style=\"font-weight: 400;\">Rare<\/span><\/td><td><span style=\"font-weight: 400;\">Peut s\u2019\u00e9claircir au vertex\/sommet<\/span><\/td><\/tr><\/tbody><\/table><\/figure>\n\n\n\n<figure class=\"wp-block-image\"><img decoding=\"async\" src=\"https:\/\/haircenterofturkey.com\/wp-content\/uploads\/2024\/10\/Mature-Hairline-Vs-Receding-Hairline-5.webp\" alt=\"Ligne M\u00fbre vs Ligne de Cheveux D\u00e9garnie\" title=\"\"><\/figure>\n\n\n\n<p><\/p>\n\n\n\n<h2 class=\"wp-block-heading\" id=\"quelles-sont-les-causes-dune-ligne-de-cheveux-degarnie\"><b>Quelles sont les Causes d\u2019une Ligne de Cheveux D\u00e9garnie ?<\/b><\/h2>\n\n\n\n<p><span style=\"font-weight: 400;\">La cause la plus fr\u00e9quente est l\u2019<a href=\"https:\/\/haircenterofturkey.com\/fr\/le-shampooing-anti-dht-est-il-efficace-contre-la-chute-des-cheveux\/\">alop\u00e9cie androg\u00e9n\u00e9tique<\/a> (calvitie masculine). La g\u00e9n\u00e9tique influence fortement qui en est atteint et \u00e0 quel \u00e2ge elle d\u00e9bute, et les hormones interviennent via la sensibilit\u00e9 \u00e0 la dihydrotestost\u00e9rone (DHT). Les estimations sugg\u00e8rent qu\u2019elle touche une grande partie des hommes \u00e0 la quarantaine, bien que les chiffres varient selon les \u00e9tudes et populations.<\/span><\/p>\n\n\n\n<p><span style=\"font-weight: 400;\">D\u2019autres facteurs peuvent imiter ou aggraver la r\u00e9cession, comme les coiffures trop serr\u00e9es, l\u2019inflammation du cuir <a href=\"https:\/\/haircenterofturkey.com\/fr\/conseils-pour-lutter-contre-leczema-du-cuir-chevelu\/\">chevelu<\/a>, une maladie soudaine, des carences nutritionnelles et certains m\u00e9dicaments. Si la perte de cheveux est en plaques, douloureuse, prurigineuse ou tr\u00e8s rapide, il vaut mieux consulter au lieu de supposer qu\u2019il s\u2019agit simplement de \u2018g\u00e9n\u00e9tique\u2019.<\/span><\/p>\n\n\n\n<h2 class=\"wp-block-heading\" id=\"signes-dune-recession-et-non-dune-simple-maturation\"><b>Signes d\u2019une R\u00e9cession (et non d\u2019une Simple Maturation)<\/b><\/h2>\n\n\n\n<p><span style=\"font-weight: 400;\">Un simple coup d\u2019\u0153il dans le miroir ne suffit g\u00e9n\u00e9ralement pas. Observez le sch\u00e9ma sur plusieurs semaines et mois, en utilisant des photos avec un \u00e9clairage et un angle similaires.<\/span><\/p>\n\n\n\n<ul class=\"wp-block-list\">\n<li><span style=\"font-weight: 400;\">Les tempes s\u2019\u00e9largissent de fa\u00e7on in\u00e9gale ou se creusent rapidement sur 6 \u00e0 12 mois.<\/span><\/li>\n\n\n\n<li><span style=\"font-weight: 400;\">Le bord frontal devient irr\u00e9gulier plut\u00f4t qu\u2019une ligne lisse et r\u00e9guli\u00e8re.<\/span><\/li>\n\n\n\n<li><span style=\"font-weight: 400;\">Vous remarquez des cheveux miniaturis\u00e9s (plus fins, plus courts) \u00e0 la racine.<\/span><\/li>\n\n\n\n<li><span style=\"font-weight: 400;\">Un \u00e9claircissement est visible au sommet ou au milieu du <a href=\"https:\/\/haircenterofturkey.com\/fr\/comment-diminuer-les-demangeaisons-de-son-cuir-chevelu\/\">cuir chevelu<\/a>.<\/span><\/li>\n\n\n\n<li><span style=\"font-weight: 400;\">La chute augmente, surtout au lavage ou au coiffage.<\/span><\/li>\n<\/ul>\n\n\n\n<figure class=\"wp-block-image\"><img decoding=\"async\" src=\"https:\/\/haircenterofturkey.com\/wp-content\/uploads\/2024\/10\/Mature-Hairline-Vs-Receding-Hairline-6.webp\" alt=\"Ligne M\u00fbre vs Ligne de Cheveux D\u00e9garnie\" title=\"\"><\/figure>\n\n\n\n<p><\/p>\n\n\n\n<h2 class=\"wp-block-heading\" id=\"peut-on-stopper-une-ligne-de-cheveux-mure\"><b>Peut-on Stopper une Ligne de Cheveux M\u00fbre ?<\/b><\/h2>\n\n\n\n<p><span style=\"font-weight: 400;\">Une ligne de cheveux m\u00fbre est un changement normal, donc il n\u2019existe pas de \u2018traitement\u2019 pour l\u2019arr\u00eater comme on traiterait une maladie. Si la forme vous d\u00e9range, certaines coiffures peuvent aider, et certains hommes choisissent une correction chirurgicale une fois le sch\u00e9ma stabilis\u00e9. Un sp\u00e9cialiste peut vous aider \u00e0 planifier une approche naturelle qui s\u2019harmonise avec les proportions de votre visage.<\/span><\/p>\n\n\n\n<h2 class=\"wp-block-heading\" id=\"comment-ralentir-ou-traiter-une-ligne-degarnie\"><b>Comment Ralentir ou Traiter une Ligne D\u00e9garnie<\/b><\/h2>\n\n\n\n<p><span style=\"font-weight: 400;\">La calvitie masculine r\u00e9pond mieux lorsqu\u2019on agit t\u00f4t. L\u2019objectif est g\u00e9n\u00e9ralement de ralentir la perte et de renforcer les cheveux miniaturis\u00e9s, plut\u00f4t que de retrouver une ligne de cheveux d\u2019adolescent. Un clinicien peut confirmer le diagnostic et recommander des options adapt\u00e9es \u00e0 votre historique m\u00e9dical.<\/span><\/p>\n\n\n\n<figure class=\"wp-block-image\"><img decoding=\"async\" src=\"https:\/\/haircenterofturkey.com\/wp-content\/uploads\/2024\/10\/Mature-Hairline-Vs-Receding-Hairline-7.webp\" alt=\"Ligne M\u00fbre vs Ligne de Cheveux D\u00e9garnie\" title=\"\"><\/figure>\n\n\n\n<p><\/p>\n\n\n\n<h3 class=\"wp-block-heading\" id=\"options-medicales-fondees-sur-des-preuves\"><b>Options M\u00e9dicales Fond\u00e9es sur des Preuves<\/b><\/h3>\n\n\n\n<p><span style=\"font-weight: 400;\">Le <a href=\"https:\/\/haircenterofturkey.com\/fr\/quels-sont-les-medicaments-utilises-pour-la-greffe-de-cheveux\/\">minoxidil<\/a> topique est un traitement en vente libre qui peut augmenter la densit\u00e9 pour certains hommes. Il n\u00e9cessite une utilisation r\u00e9guli\u00e8re, et les effets disparaissent g\u00e9n\u00e9ralement si vous arr\u00eatez. Une irritation du cuir chevelu peut survenir, notamment avec certaines formules.<\/span><\/p>\n\n\n\n<p><span style=\"font-weight: 400;\">La <a href=\"https:\/\/haircenterofturkey.com\/fr\/dois-je-prendre-du-finasteride-apres-ma-greffe-de-cheveux\/\">finast\u00e9ride<\/a> est un comprim\u00e9 sur ordonnance qui r\u00e9duit la DHT et peut ralentir la <a href=\"https:\/\/haircenterofturkey.com\/fr\/alopecie-androgenetique-chute-de-cheveux-masculine\/\">chute de cheveux<\/a> chez de nombreux hommes. Comme tout m\u00e9dicament, il peut provoquer des effets secondaires, y compris sexuels, et les autorit\u00e9s sanitaires recommandent de surveiller les changements d\u2019humeur. Discutez des avantages et des risques avec un professionnel, surtout en cas d\u2019ant\u00e9c\u00e9dents de d\u00e9pression.<\/span><\/p>\n\n\n\n<figure class=\"wp-block-image\"><img decoding=\"async\" src=\"https:\/\/haircenterofturkey.com\/wp-content\/uploads\/2024\/10\/Mature-Hairline-Vs-Receding-Hairline-8.webp\" alt=\"Ligne M\u00fbre vs Ligne de Cheveux D\u00e9garnie\" title=\"\"><\/figure>\n\n\n\n<p><\/p>\n\n\n\n<h3 class=\"wp-block-heading\" id=\"options-en-clinique-et-par-appareils\"><b>Options en Clinique et par Appareils<\/b><\/h3>\n\n\n\n<p><span style=\"font-weight: 400;\">Le <a href=\"https:\/\/haircenterofturkey.com\/fr\/effets-secondaires-de-la-greffe-de-cheveux\/\">PRP<\/a> (plasma riche en plaquettes) consiste \u00e0 injecter des plaquettes concentr\u00e9es dans le cuir chevelu. Certains rapportent une chevelure plus dense, mais les r\u00e9sultats varient et plusieurs s\u00e9ances sont g\u00e9n\u00e9ralement n\u00e9cessaires. La th\u00e9rapie <a href=\"https:\/\/haircenterofturkey.com\/fr\/traitement-au-laser-pour-la-perte-de-cheveux\/\">laser<\/a> \u00e0 faible intensit\u00e9 est une autre option non chirurgicale qui peut soutenir la densit\u00e9 chez certains utilisateurs.<\/span><\/p>\n\n\n\n<h3 class=\"wp-block-heading\" id=\"restauration-capillaire-chirurgicale\"><b>Restauration Capillaire Chirurgicale<\/b><\/h3>\n\n\n\n<p><span style=\"font-weight: 400;\">En cas de r\u00e9cession install\u00e9e, une <a href=\"https:\/\/haircenterofturkey.com\/fr\/comment-maximiser-efficacement-la-survie-des-cheveux-apres-une-greffe-fue\/\">greffe<\/a> capillaire peut d\u00e9placer des follicules depuis une <a href=\"https:\/\/haircenterofturkey.com\/fr\/zone-donneuse-apres-une-greffe-de-cheveux\/\">zone donneuse<\/a> (g\u00e9n\u00e9ralement l\u2019arri\u00e8re et les c\u00f4t\u00e9s) vers la ligne frontale. La <a href=\"https:\/\/haircenterofturkey.com\/fr\/avant-et-apres-fue-2024\/\">FUE<\/a> (extraction d\u2019unit\u00e9s folliculaires) enl\u00e8ve les follicules individuellement, tandis que la <a href=\"https:\/\/haircenterofturkey.com\/fr\/comparaison-des-greffes-de-barbe-dhi-et-fue-laquelle-vous-convient-le-mieux\/\">DHI<\/a> est une variante utilisant un stylo implanteur. Une clinique s\u00e9rieuse planifiera densit\u00e9, angle et r\u00e9partition des greffons pour un r\u00e9sultat au vieillissement naturel.<\/span><\/p>\n\n\n\n<figure class=\"wp-block-image\"><img decoding=\"async\" src=\"https:\/\/haircenterofturkey.com\/wp-content\/uploads\/2024\/10\/Mature-Hairline-Vs-Receding-Hairline-1.webp\" alt=\"Ligne M\u00fbre vs Ligne de Cheveux D\u00e9garnie\" title=\"\"><\/figure>\n\n\n\n<p><\/p>\n\n\n\n<h2 class=\"wp-block-heading\" id=\"quand-consulter-un-specialiste\"><b>Quand Consulter un Sp\u00e9cialiste<\/b><\/h2>\n\n\n\n<p><span style=\"font-weight: 400;\">Envisagez une \u00e9valuation professionnelle si vous n\u2019\u00eates pas s\u00fbr du sch\u00e9ma. C\u2019est particuli\u00e8rement utile si les changements sont rapides, si vous avez moins de 25 ans ou si vous constatez un \u00e9claircissement du sommet. Un clinicien peut examiner votre cuir chevelu, analyser les ant\u00e9c\u00e9dents familiaux et \u00e9carter d\u2019autres causes n\u00e9cessitant un traitement diff\u00e9rent.<\/span><\/p>\n\n\n\n<h2 class=\"wp-block-heading\" id=\"f-a-q\"><b>F.A.Q.<\/b><\/h2>\n\n\n<div id=\"rank-math-faq\" class=\"rank-math-block\">\n<div class=\"rank-math-list \">\n<div id=\"faq-question-1771332229873\" class=\"rank-math-list-item\">\n<h3 class=\"rank-math-question \">Ma ligne frontale recule-t-elle ou m\u00fbrit-elle simplement ?<\/h3>\n<div class=\"rank-math-answer \">\n\n<p>Impossible sans photos comparatives; la maturation rel\u00e8ve les tempes, la r\u00e9cession progresse.<\/p>\n\n<\/div>\n<\/div>\n<div id=\"faq-question-1771332247862\" class=\"rank-math-list-item\">\n<h3 class=\"rank-math-question \">\u00c0 quel \u00e2ge les hommes ont-ils une ligne frontale mature ?<\/h3>\n<div class=\"rank-math-answer \">\n\n<p>La plupart des hommes l\u2019obtiennent entre 20 et 30 ans.<\/p>\n\n<\/div>\n<\/div>\n<div id=\"faq-question-1771332253618\" class=\"rank-math-list-item\">\n<h3 class=\"rank-math-question \">Qu\u2019est-ce qui est pire, l\u2019\u00e9claircissement ou le recul ?<\/h3>\n<div class=\"rank-math-answer \">\n\n<p>Aucun n\u2019est pire; l\u2019\u00e9claircissement r\u00e9duit la densit\u00e9, le recul change la forme, traitables.<\/p>\n\n<\/div>\n<\/div>\n<div id=\"faq-question-1771332260065\" class=\"rank-math-list-item\">\n<h3 class=\"rank-math-question \">Quel type de ligne frontale est le plus attirant ?<\/h3>\n<div class=\"rank-math-answer \">\n\n<p>La plupart pr\u00e9f\u00e8rent une ligne naturelle, sym\u00e9trique, de hauteur mod\u00e9r\u00e9e.<\/p>\n\n<\/div>\n<\/div>\n<div id=\"faq-question-1771332266627\" class=\"rank-math-list-item\">\n<h3 class=\"rank-math-question \">\u00c0 quoi ressemble une ligne frontale compl\u00e8tement mature ?<\/h3>\n<div class=\"rank-math-answer \">\n\n<p>Elle est plus haute, avec l\u00e9ger recul des tempes et un M discret.<\/p>\n\n<\/div>\n<\/div>\n<\/div>\n<\/div>\n\n\n<p><\/p>\n","protected":false},"excerpt":{"rendered":"<p>Ligne M\u00fbre vs Ligne de Cheveux D\u00e9garnie Une ligne de cheveux m\u00fbre est un recul normal et progressif au niveau des tempes qui reste g\u00e9n\u00e9ralement uniforme et se stabilise ensuite. Une ligne de cheveux d\u00e9garnie correspond \u00e0 une perte de cheveux continue qui recule de mani\u00e8re in\u00e9gale, formant souvent une forme en M et parfois [&hellip;]<\/p>\n","protected":false},"author":2,"featured_media":4296,"comment_status":"closed","ping_status":"closed","sticky":false,"template":"","format":"standard","meta":{"footnotes":""},"categories":[3,145],"tags":[],"class_list":["post-3886","post","type-post","status-publish","format-standard","has-post-thumbnail","hentry","category-blog","category-perte-de-cheveux"],"_links":{"self":[{"href":"https:\/\/haircenterofturkey.com\/fr\/wp-json\/wp\/v2\/posts\/3886","targetHints":{"allow":["GET"]}}],"collection":[{"href":"https:\/\/haircenterofturkey.com\/fr\/wp-json\/wp\/v2\/posts"}],"about":[{"href":"https:\/\/haircenterofturkey.com\/fr\/wp-json\/wp\/v2\/types\/post"}],"author":[{"embeddable":true,"href":"https:\/\/haircenterofturkey.com\/fr\/wp-json\/wp\/v2\/users\/2"}],"replies":[{"embeddable":true,"href":"https:\/\/haircenterofturkey.com\/fr\/wp-json\/wp\/v2\/comments?post=3886"}],"version-history":[{"count":4,"href":"https:\/\/haircenterofturkey.com\/fr\/wp-json\/wp\/v2\/posts\/3886\/revisions"}],"predecessor-version":[{"id":33269,"href":"https:\/\/haircenterofturkey.com\/fr\/wp-json\/wp\/v2\/posts\/3886\/revisions\/33269"}],"wp:featuredmedia":[{"embeddable":true,"href":"https:\/\/haircenterofturkey.com\/fr\/wp-json\/wp\/v2\/media\/4296"}],"wp:attachment":[{"href":"https:\/\/haircenterofturkey.com\/fr\/wp-json\/wp\/v2\/media?parent=3886"}],"wp:term":[{"taxonomy":"category","embeddable":true,"href":"https:\/\/haircenterofturkey.com\/fr\/wp-json\/wp\/v2\/categories?post=3886"},{"taxonomy":"post_tag","embeddable":true,"href":"https:\/\/haircenterofturkey.com\/fr\/wp-json\/wp\/v2\/tags?post=3886"}],"curies":[{"name":"wp","href":"https:\/\/api.w.org\/{rel}","templated":true}]}}