{"id":3788,"date":"2024-10-01T13:40:57","date_gmt":"2024-10-01T10:40:57","guid":{"rendered":"https:\/\/haircenterofturkey.com\/vitamines-mineraux-et-perte-de-cheveux-y-a-t-il-un-lien\/"},"modified":"2026-02-17T12:27:42","modified_gmt":"2026-02-17T09:27:42","slug":"vitamines-mineraux-et-perte-de-cheveux-y-a-t-il-un-lien","status":"publish","type":"post","link":"https:\/\/haircenterofturkey.com\/fr\/vitamines-mineraux-et-perte-de-cheveux-y-a-t-il-un-lien\/","title":{"rendered":"Vitamines, Min\u00e9raux et Perte de Cheveux"},"content":{"rendered":"\n<h2 class=\"wp-block-heading\" id=\"vitamines-et-mineraux-contre-la-perte-de-cheveux\"><strong>Vitamines et Min\u00e9raux contre la Perte de Cheveux<\/strong><\/h2>\n\n\n\n<p><span style=\"font-weight: 400;\">La <a href=\"https:\/\/haircenterofturkey.com\/fr\/les-plus-grosses-erreurs-a-eviter-chez-le-coiffeur-et-comment-les-corriger\/\">perte de cheveux<\/a> est rarement r\u00e9solue par un seul compl\u00e9ment. Les vitamines et min\u00e9raux peuvent aider en cas de carence av\u00e9r\u00e9e\u2014le plus souvent en fer (faible ferritine), vitamine D ou zinc\u2014mais des compl\u00e9ments \u00e0 haute dose inutiles peuvent aggraver la chute. L\u2019approche la plus s\u00fbre consiste \u00e0 confirmer les carences par des analyses sanguines, \u00e0 adopter une alimentation \u00e9quilibr\u00e9e, et \u00e0 utiliser des compl\u00e9ments cibl\u00e9s uniquement sur avis m\u00e9dical.<\/span><\/p>\n\n\n\n<h2 class=\"wp-block-heading\" id=\"pourquoi-la-nutrition-est-importante-pour-la-croissance-des-cheveux\"><b>Pourquoi la Nutrition est Importante pour la Croissance des Cheveux<\/b><\/h2>\n\n\n\n<p><span style=\"font-weight: 400;\">Les <a href=\"https:\/\/haircenterofturkey.com\/fr\/est-il-possible-de-recevoir-une-greffe-de-cheveux-dune-autre-personne\/\">follicules pileux<\/a> sont parmi les tissus les plus m\u00e9taboliquement actifs du corps. Lorsque votre corps est soumis \u00e0 un stress\u2014maladie, changements de poids importants, r\u00e9gimes restrictifs ou r\u00e9serves nutritionnelles faibles\u2014les cheveux peuvent entrer dans une phase de chute (souvent remarqu\u00e9e 2 \u00e0 3 mois plus tard).<\/span><\/p>\n\n\n\n<p><span style=\"font-weight: 400;\">Une bonne nutrition soutient le cuir <a href=\"https:\/\/haircenterofturkey.com\/fr\/conseils-pour-lutter-contre-leczema-du-cuir-chevelu\/\">chevelu<\/a> et le cycle de <a href=\"https:\/\/haircenterofturkey.com\/fr\/phase-telogene\/\">croissance des cheveux<\/a>, mais les compl\u00e9ments ne sont pas une solution miracle. Si vos besoins sont d\u00e9j\u00e0 couverts par l\u2019alimentation, ajouter des vitamines suppl\u00e9mentaires am\u00e9liore rarement la croissance et peut parfois avoir l\u2019effet inverse.<\/span><\/p>\n\n\n\n<figure class=\"wp-block-image\"><img decoding=\"async\" src=\"https:\/\/haircenterofturkey.com\/wp-content\/uploads\/2024\/10\/vitamin-minerals-and-hair-loss-connection-1.webp\" alt=\"Vitamines, Min\u00e9raux et Perte de Cheveux : Y a-t-il un Lien ?\" title=\"\"><\/figure>\n\n\n\n<div class=\"wp-block-rank-math-toc-block\" id=\"rank-math-toc\"><h2>Table des mati\u00e8res<\/h2><nav><ul><li class=\"\"><a href=\"#vitamines-et-mineraux-contre-la-perte-de-cheveux\">Vitamines et Min\u00e9raux contre la Perte de Cheveux<\/a><\/li><li class=\"\"><a href=\"#pourquoi-la-nutrition-est-importante-pour-la-croissance-des-cheveux\">Pourquoi la Nutrition est Importante pour la Croissance des Cheveux<\/a><\/li><li class=\"\"><a href=\"#causes-courantes-de-la-perte-de-cheveux\">Causes Courantes de la Perte de Cheveux<\/a><\/li><li class=\"\"><a href=\"#carences-nutritionnelles-souvent-liees-a-la-chute-de-cheveux\">Carences Nutritionnelles Souvent Li\u00e9es \u00e0 la Chute de Cheveux<\/a><\/li><li class=\"\"><a href=\"#vitamines-et-mineraux-souvent-evoques-pour-les-cheveux\">Vitamines et Min\u00e9raux Souvent \u00c9voqu\u00e9s pour les Cheveux<\/a><ul><li class=\"\"><a href=\"#vitamine-d\">Vitamine D<\/a><\/li><li class=\"\"><a href=\"#fer-et-ferritine\">Fer (et Ferritine)<\/a><\/li><li class=\"\"><a href=\"#vitamine-c\">Vitamine C<\/a><\/li><li class=\"\"><a href=\"#zinc\">Zinc<\/a><\/li><li class=\"\"><a href=\"#vitamines-b-b-12-folate-riboflavine-niacine-biotine\">Vitamines B (B12, Folate, Riboflavine, Niacine, Biotine)<\/a><\/li><li class=\"\"><a href=\"#vitamine-a\">Vitamine A<\/a><\/li><li class=\"\"><a href=\"#vitamine-e\">Vitamine E<\/a><\/li><li class=\"\"><a href=\"#selenium\">S\u00e9l\u00e9nium<\/a><\/li><\/ul><\/li><li class=\"\"><a href=\"#quand-les-complements-peuvent-aggraver-la-perte-de-cheveux\">Quand les Compl\u00e9ments Peuvent Aggraver la Perte de Cheveux<\/a><\/li><li class=\"\"><a href=\"#etapes-pratiques-avant-de-commencer-un-complement\">\u00c9tapes Pratiques Avant de Commencer un Compl\u00e9ment<\/a><\/li><li class=\"\"><a href=\"#questions-frequemment-posees\">Questions Fr\u00e9quemment Pos\u00e9es<\/a><ul><li class=\"\"><a href=\"#faq-question-1771320311659\">Quel min\u00e9ral me manque si mes cheveux tombent ?<\/a><\/li><li class=\"\"><a href=\"#faq-question-1771320366597\">Quelles vitamines et quels min\u00e9raux dois-je prendre contre la chute de cheveux ?<\/a><\/li><li class=\"\"><a href=\"#faq-question-1771320396278\">Quelles vitamines pour arr\u00eater la chute de cheveux ?<\/a><\/li><li class=\"\"><a href=\"#faq-question-1771320401277\">Trop de vitamine D peut-il provoquer une chute de cheveux ?<\/a><\/li><li class=\"\"><a href=\"#faq-question-1771320409039\">La B12 peut-elle arr\u00eater la chute de cheveux ?<\/a><\/li><li class=\"\"><a href=\"#faq-question-1771320416655\">Le zinc peut-il aider contre la chute de cheveux ?<\/a><\/li><\/ul><\/li><\/ul><\/nav><\/div>\n\n\n\n<h2 class=\"wp-block-heading\" id=\"causes-courantes-de-la-perte-de-cheveux\"><b>Causes Courantes de la Perte de Cheveux<\/b><\/h2>\n\n\n\n<p><span style=\"font-weight: 400;\">La perte de cheveux (alop\u00e9cie) a de nombreuses causes possibles. La cause est importante car le traitement appropri\u00e9 varie selon le type.<\/span><\/p>\n\n\n\n<ul class=\"wp-block-list\">\n<li><span style=\"font-weight: 400;\">G\u00e9n\u00e9tique (<a href=\"https:\/\/haircenterofturkey.com\/fr\/le-shampooing-anti-dht-est-il-efficace-contre-la-chute-des-cheveux\/\">alop\u00e9cie androg\u00e9n\u00e9tique<\/a>)<\/span><\/li>\n\n\n\n<li><span style=\"font-weight: 400;\">Changements hormonaux (post-partum, troubles thyro\u00efdiens, m\u00e9nopause, syndrome des ovaires polykystiques)<\/span><\/li>\n\n\n\n<li><span style=\"font-weight: 400;\">Conditions inflammatoires ou auto-immunes (par exemple, alop\u00e9cie areata)<\/span><\/li>\n\n\n\n<li><span style=\"font-weight: 400;\">Affections du <a href=\"https:\/\/haircenterofturkey.com\/fr\/comment-diminuer-les-demangeaisons-de-son-cuir-chevelu\/\">cuir chevelu<\/a> (<a href=\"https:\/\/haircenterofturkey.com\/fr\/shampooi%cc%87ng-sebirox-uti%cc%87li%cc%87sati%cc%87ons-avantages-effets-secondaires-et-mode-demploi\/\">dermatite s\u00e9borrh\u00e9ique<\/a>, <a href=\"https:\/\/haircenterofturkey.com\/fr\/pourquoi-les-racines-des-cheveux-font-elles-mal\/\">psoriasis<\/a>, infections fongiques)<\/span><\/li>\n\n\n\n<li><span style=\"font-weight: 400;\">M\u00e9dicaments et traitements m\u00e9dicaux (y compris certains traitements contre l\u2019acn\u00e9, anticoagulants et <a href=\"https:\/\/haircenterofturkey.com\/fr\/greffe-de-cheveux-apres-chimiotherapie\/\">chimioth\u00e9rapie<\/a>)<\/span><\/li>\n\n\n\n<li><span style=\"font-weight: 400;\">Stress \u00e9lev\u00e9, fi\u00e8vre r\u00e9cente, chirurgie ou maladie grave<\/span><\/li>\n\n\n\n<li><span style=\"font-weight: 400;\">Perte de poids rapide, r\u00e9gime restrictif ou faible apport en prot\u00e9ines<\/span><\/li>\n\n\n\n<li><span style=\"font-weight: 400;\">Carences en vitamines et min\u00e9raux<\/span><\/li>\n<\/ul>\n\n\n\n<p><span style=\"font-weight: 400;\">Comme la perte de cheveux peut avoir plusieurs d\u00e9clencheurs en m\u00eame temps, il est utile d\u2019examiner l\u2019ensemble du tableau\u2014ant\u00e9c\u00e9dents m\u00e9dicaux, m\u00e9dicaments, alimentation et sch\u00e9ma de chute\u2014plut\u00f4t que de se fier uniquement aux compl\u00e9ments.<\/span><\/p>\n\n\n\n<figure class=\"wp-block-image\"><img decoding=\"async\" src=\"https:\/\/haircenterofturkey.com\/wp-content\/uploads\/2024\/10\/vitamin-minerals-and-hair-loss-connection-2.webp\" alt=\"Vitamines, Min\u00e9raux et Perte de Cheveux : Y a-t-il un Lien ?\" title=\"\"><\/figure>\n\n\n\n<p><\/p>\n\n\n\n<h2 class=\"wp-block-heading\" id=\"carences-nutritionnelles-souvent-liees-a-la-chute-de-cheveux\"><b>Carences Nutritionnelles Souvent Li\u00e9es \u00e0 la Chute de Cheveux<\/b><\/h2>\n\n\n\n<p><span style=\"font-weight: 400;\">Lorsque des carences contribuent \u00e0 la perte de cheveux, la chute est g\u00e9n\u00e9ralement diffuse (sur l\u2019ensemble du cuir chevelu) plut\u00f4t que localis\u00e9e. Un professionnel de sant\u00e9 peut v\u00e9rifier les causes fr\u00e9quentes par des analyses cibl\u00e9es, puis recommander des changements alimentaires ou des compl\u00e9ments \u00e0 court terme.<\/span><\/p>\n\n\n\n<p><span style=\"font-weight: 400;\">Les carences les plus souvent \u00e9voqu\u00e9es en pratique clinique sont la faible ferritine (r\u00e9serves de fer), la vitamine D et le zinc. La carence en biotine est rare chez les adultes en bonne sant\u00e9, et de nombreux autres nutriments ne sont impliqu\u00e9s que si un probl\u00e8me nutritionnel plus large est pr\u00e9sent.<\/span><\/p>\n\n\n\n<figure class=\"wp-block-image\"><img decoding=\"async\" src=\"https:\/\/haircenterofturkey.com\/wp-content\/uploads\/2024\/10\/vitamin-minerals-and-hair-loss-connection-3.webp\" alt=\"Vitamines, Min\u00e9raux et Perte de Cheveux : Y a-t-il un Lien ?\" title=\"\"><\/figure>\n\n\n\n<p><\/p>\n\n\n\n<h2 class=\"wp-block-heading\" id=\"vitamines-et-mineraux-souvent-evoques-pour-les-cheveux\"><b>Vitamines et Min\u00e9raux Souvent \u00c9voqu\u00e9s pour les Cheveux<\/b><\/h2>\n\n\n\n<h3 class=\"wp-block-heading\" id=\"vitamine-d\"><b>Vitamine D<\/b><\/h3>\n\n\n\n<p><span style=\"font-weight: 400;\">La vitamine D joue un r\u00f4le dans le cycle du follicule pileux et la r\u00e9gulation immunitaire. Si une analyse sanguine confirme un faible taux, une suppl\u00e9mentation pour atteindre des niveaux normaux peut soutenir la repousse chez certaines personnes.<\/span><\/p>\n\n\n\n<p><span style=\"font-weight: 400;\">Les sources alimentaires incluent les poissons gras, les \u0153ufs et les aliments enrichis. L\u2019exposition au soleil y contribue aussi, mais les besoins varient selon le type de peau, la <a href=\"https:\/\/haircenterofturkey.com\/fr\/quelle-saison-pour-la-greffe-de-cheveux\/\">saison<\/a> et l\u2019emplacement.<\/span><\/p>\n\n\n\n<h3 class=\"wp-block-heading\" id=\"fer-et-ferritine\"><b>Fer (et Ferritine)<\/b><\/h3>\n\n\n\n<p><span style=\"font-weight: 400;\">Le fer aide \u00e0 transporter l\u2019oxyg\u00e8ne vers les tissus, y compris le follicule pileux. Une faible ferritine est une cause connue d\u2019augmentation de la chute, notamment chez les personnes menstru\u00e9es.<\/span><\/p>\n\n\n\n<p><span style=\"font-weight: 400;\">Les compl\u00e9ments en fer ne doivent \u00eatre utilis\u00e9s qu\u2019en cas de carence confirm\u00e9e, car un exc\u00e8s peut \u00eatre nocif. Votre professionnel de sant\u00e9 peut vous conseiller sur la dose et la dur\u00e9e appropri\u00e9es.<\/span><\/p>\n\n\n\n<h3 class=\"wp-block-heading\" id=\"vitamine-c\"><b>Vitamine C<\/b><\/h3>\n\n\n\n<p><span style=\"font-weight: 400;\">La vitamine C soutient la formation du <a href=\"https:\/\/haircenterofturkey.com\/fr\/le-collagene-favorise-t-il-la-pousse-des-cheveux\/\">collag\u00e8ne<\/a> et aide votre corps \u00e0 absorber le fer d\u2019origine v\u00e9g\u00e9tale. Elle peut \u00eatre utile en compl\u00e9ment d\u2019un traitement contre la carence en fer.<\/span><\/p>\n\n\n\n<p><span style=\"font-weight: 400;\">Les agrumes, les baies, les poivrons, le brocoli et les tomates en sont riches.<\/span><\/p>\n\n\n\n<h3 class=\"wp-block-heading\" id=\"zinc\"><b>Zinc<\/b><\/h3>\n\n\n\n<p><span style=\"font-weight: 400;\">Le zinc soutient la synth\u00e8se des prot\u00e9ines et la fonction normale du follicule. Un faible taux peut contribuer \u00e0 la chute, mais une dose \u00e9lev\u00e9e peut provoquer des naus\u00e9es et r\u00e9duire le cuivre avec le temps.<\/span><\/p>\n\n\n\n<p><span style=\"font-weight: 400;\">En cas de suppl\u00e9mentation, il est pr\u00e9f\u00e9rable de la limiter dans le temps, avec un suivi m\u00e9dical.<\/span><\/p>\n\n\n\n<h3 class=\"wp-block-heading\" id=\"vitamines-b-b-12-folate-riboflavine-niacine-biotine\"><b>Vitamines B (B12, Folate, Riboflavine, Niacine, Biotine)<\/b><\/h3>\n\n\n\n<p><span style=\"font-weight: 400;\">Les vitamines B aident au m\u00e9tabolisme \u00e9nerg\u00e9tique et \u00e0 la formation des globules rouges. Lorsque la carence en B12 ou en folate entra\u00eene une an\u00e9mie, les cheveux peuvent devenir plus fragiles et tomber davantage.<\/span><\/p>\n\n\n\n<p><span style=\"font-weight: 400;\">La biotine est tr\u00e8s commercialis\u00e9e pour les cheveux, mais la carence r\u00e9elle est rare. Les doses \u00e9lev\u00e9es peuvent interf\u00e9rer avec certains tests de laboratoire, donc informez toujours votre professionnel de sant\u00e9 si vous en prenez, notamment avant un test thyro\u00efdien ou cardiaque.<\/span><\/p>\n\n\n\n<h3 class=\"wp-block-heading\" id=\"vitamine-a\"><b>Vitamine A<\/b><\/h3>\n\n\n\n<p><span style=\"font-weight: 400;\">La vitamine A favorise la croissance cellulaire et la production de s\u00e9bum, qui emp\u00eache le cuir chevelu de devenir trop sec. La plupart des gens couvrent leurs besoins par l\u2019alimentation.<\/span><\/p>\n\n\n\n<p><span style=\"font-weight: 400;\">Comme elle est liposoluble, un exc\u00e8s de vitamine A (y compris certains m\u00e9dicaments contre l\u2019acn\u00e9 et compl\u00e9ments \u00e0 forte dose) peut d\u00e9clencher une chute. \u00c9vitez de superposer plusieurs compl\u00e9ments contenant de la vitamine A sans avis m\u00e9dical.<\/span><\/p>\n\n\n\n<h3 class=\"wp-block-heading\" id=\"vitamine-e\"><b>Vitamine E<\/b><\/h3>\n\n\n\n<p><span style=\"font-weight: 400;\">La vitamine E est un antioxydant pr\u00e9sent dans les noix, graines et huiles v\u00e9g\u00e9tales. Bien qu\u2019importante pour la sant\u00e9 globale, les preuves de son efficacit\u00e9 \u00e0 haute dose pour les cheveux sont limit\u00e9es.<\/span><\/p>\n\n\n\n<p><span style=\"font-weight: 400;\">Des doses tr\u00e8s \u00e9lev\u00e9es peuvent provoquer des effets secondaires et interagir avec des anticoagulants ; ce n\u2019est donc pas un nutriment pour lequel \u201cplus est mieux\u201d.<\/span><\/p>\n\n\n\n<h3 class=\"wp-block-heading\" id=\"selenium\"><b>S\u00e9l\u00e9nium<\/b><\/h3>\n\n\n\n<p><span style=\"font-weight: 400;\">Le s\u00e9l\u00e9nium soutient le m\u00e9tabolisme des hormones thyro\u00efdiennes et les d\u00e9fenses antioxydantes. Une carence s\u00e9v\u00e8re est rare, mais un exc\u00e8s peut fragiliser les cheveux et les ongles, et augmenter la chute.<\/span><\/p>\n\n\n\n<p><span style=\"font-weight: 400;\">Si vous prenez un multivitamine, v\u00e9rifiez la quantit\u00e9 de s\u00e9l\u00e9nium et \u00e9vitez de cumuler plusieurs produits qui vous rapprochent d\u2019un apport quotidien \u00e9lev\u00e9.<\/span><\/p>\n\n\n\n<h2 class=\"wp-block-heading\" id=\"quand-les-complements-peuvent-aggraver-la-perte-de-cheveux\"><b>Quand les Compl\u00e9ments Peuvent Aggraver la Perte de Cheveux<\/b><\/h2>\n\n\n\n<p><span style=\"font-weight: 400;\">Plus n\u2019est pas toujours mieux. La <a href=\"https:\/\/haircenterofturkey.com\/fr\/alopecie-androgenetique-chute-de-cheveux-masculine\/\">chute de cheveux<\/a> a <a href=\"https:\/\/haircenterofturkey.com\/fr\/quelle-saison-pour-la-greffe-de-cheveux\/\">\u00e9t\u00e9<\/a> signal\u00e9e en cas d\u2019apport excessif de certains nutriments, notamment sur le long terme ou dans des produits combin\u00e9s.<\/span><\/p>\n\n\n\n<ul class=\"wp-block-list\">\n<li><span style=\"font-weight: 400;\">Vitamine A : des doses \u00e9lev\u00e9es peuvent provoquer une chute et d&rsquo;autres <a href=\"https:\/\/haircenterofturkey.com\/fr\/la-greffe-de-cheveux-est-elle-adaptee-aux-personnes-souffrant-de-maladies-de-la-peau\/\">sympt\u00f4mes<\/a> de toxicit\u00e9.<\/span><\/li>\n\n\n\n<li><span style=\"font-weight: 400;\">S\u00e9l\u00e9nium : l\u2019exc\u00e8s peut entra\u00eener des changements capillaires et un accroissement de la chute.<\/span><\/li>\n\n\n\n<li><span style=\"font-weight: 400;\">Vitamine E : des doses tr\u00e8s \u00e9lev\u00e9es peuvent provoquer des effets secondaires et interf\u00e9rer avec certains m\u00e9dicaments.<\/span><\/li>\n\n\n\n<li><span style=\"font-weight: 400;\">Zinc : une utilisation \u00e0 haute dose peut provoquer des troubles digestifs et une carence en cuivre.<\/span><\/li>\n\n\n\n<li><span style=\"font-weight: 400;\">Fer : une suppl\u00e9mentation non justifi\u00e9e peut \u00eatre toxique et ne doit pas \u00eatre prise \u201cpar pr\u00e9caution\u201d.<\/span><\/li>\n\n\n\n<li><span style=\"font-weight: 400;\">Biotine : des doses \u00e9lev\u00e9es peuvent fausser certains r\u00e9sultats d\u2019analyses ; signalez toujours sa prise avant des tests.<\/span><\/li>\n<\/ul>\n\n\n\n<h2 class=\"wp-block-heading\" id=\"etapes-pratiques-avant-de-commencer-un-complement\"><b>\u00c9tapes Pratiques Avant de Commencer un Compl\u00e9ment<\/b><\/h2>\n\n\n\n<ol class=\"wp-block-list\">\n<li><span style=\"font-weight: 400;\">Identifier le sch\u00e9ma : chute soudaine diffuse, perte localis\u00e9e ou \u00e9largissement progressif de la raie indiquent des causes diff\u00e9rentes.<\/span><\/li>\n\n\n\n<li><span style=\"font-weight: 400;\">Revoir les d\u00e9clencheurs r\u00e9cents : maladie, forte fi\u00e8vre, chirurgie, stress important, nouveaux m\u00e9dicaments ou perte de poids rapide ces 3\u20134 derniers mois.<\/span><\/li>\n\n\n\n<li><span style=\"font-weight: 400;\">Demander des analyses cibl\u00e9es : ferritine\/fer, vitamine D, zinc, fonction thyro\u00efdienne, B12\/folate si n\u00e9cessaire.<\/span><\/li>\n\n\n\n<li><span style=\"font-weight: 400;\">Prioriser l\u2019alimentation : prot\u00e9ines ad\u00e9quates, aliments riches en fer, fruits et l\u00e9gumes, bonnes graisses.<\/span><\/li>\n\n\n\n<li><span style=\"font-weight: 400;\">Consulter un dermatologue si la chute est s\u00e9v\u00e8re, dure plus de 3\u20136 mois ou s\u2019accompagne de douleurs, squames ou plaques chauves.<\/span><\/li>\n<\/ol>\n\n\n\n<h2 class=\"wp-block-heading\" id=\"questions-frequemment-posees\"><b>Questions Fr\u00e9quemment Pos\u00e9es<\/b><\/h2>\n\n\n<div id=\"rank-math-faq\" class=\"rank-math-block\">\n<div class=\"rank-math-list \">\n<div id=\"faq-question-1771320311659\" class=\"rank-math-list-item\">\n<h3 class=\"rank-math-question \">Quel min\u00e9ral me manque si mes cheveux tombent ?<\/h3>\n<div class=\"rank-math-answer \">\n\n<p>Carence en fer (ferritine basse) est la carence min\u00e9rale la plus li\u00e9e \u00e0 la chute.<\/p>\n\n<\/div>\n<\/div>\n<div id=\"faq-question-1771320366597\" class=\"rank-math-list-item\">\n<h3 class=\"rank-math-question \">Quelles vitamines et quels min\u00e9raux dois-je prendre contre la chute de cheveux ?<\/h3>\n<div class=\"rank-math-answer \">\n\n<p>Prenez seulement des d\u00e9ficits confirm\u00e9s: fer, vitamine D, zinc, B12, folates sont souvent contr\u00f4l\u00e9s.<\/p>\n\n<\/div>\n<\/div>\n<div id=\"faq-question-1771320396278\" class=\"rank-math-list-item\">\n<h3 class=\"rank-math-question \">Quelles vitamines pour arr\u00eater la chute de cheveux ?<\/h3>\n<div class=\"rank-math-answer \">\n\n<p>Aucune vitamine n\u2019arr\u00eate la chute; corriger une vitamine D basse peut r\u00e9duire la chute.<\/p>\n\n<\/div>\n<\/div>\n<div id=\"faq-question-1771320401277\" class=\"rank-math-list-item\">\n<h3 class=\"rank-math-question \">Trop de vitamine D peut-il provoquer une chute de cheveux ?<\/h3>\n<div class=\"rank-math-answer \">\n\n<p>Non; la toxicit\u00e9 en vitamine D cause surtout hypercalc\u00e9mie, atteinte r\u00e9nale et sympt\u00f4mes digestifs.<\/p>\n\n<\/div>\n<\/div>\n<div id=\"faq-question-1771320409039\" class=\"rank-math-list-item\">\n<h3 class=\"rank-math-question \">La B12 peut-elle arr\u00eater la chute de cheveux ?<\/h3>\n<div class=\"rank-math-answer \">\n\n<p>La B12 peut aider la chute seulement si une carence en B12 est confirm\u00e9e.<\/p>\n\n<\/div>\n<\/div>\n<div id=\"faq-question-1771320416655\" class=\"rank-math-list-item\">\n<h3 class=\"rank-math-question \">Le zinc peut-il aider contre la chute de cheveux ?<\/h3>\n<div class=\"rank-math-answer \">\n\n<p>Le zinc peut aider la chute seulement si la carence est confirm\u00e9e; l\u2019exc\u00e8s est toxique.<\/p>\n\n<\/div>\n<\/div>\n<\/div>\n<\/div>","protected":false},"excerpt":{"rendered":"<p>Vitamines et Min\u00e9raux contre la Perte de Cheveux La perte de cheveux est rarement r\u00e9solue par un seul compl\u00e9ment. Les vitamines et min\u00e9raux peuvent aider en cas de carence av\u00e9r\u00e9e\u2014le plus souvent en fer (faible ferritine), vitamine D ou zinc\u2014mais des compl\u00e9ments \u00e0 haute dose inutiles peuvent aggraver la chute. L\u2019approche la plus s\u00fbre consiste [&hellip;]<\/p>\n","protected":false},"author":2,"featured_media":4254,"comment_status":"closed","ping_status":"closed","sticky":false,"template":"","format":"standard","meta":{"footnotes":""},"categories":[3,145],"tags":[],"class_list":["post-3788","post","type-post","status-publish","format-standard","has-post-thumbnail","hentry","category-blog","category-perte-de-cheveux"],"_links":{"self":[{"href":"https:\/\/haircenterofturkey.com\/fr\/wp-json\/wp\/v2\/posts\/3788","targetHints":{"allow":["GET"]}}],"collection":[{"href":"https:\/\/haircenterofturkey.com\/fr\/wp-json\/wp\/v2\/posts"}],"about":[{"href":"https:\/\/haircenterofturkey.com\/fr\/wp-json\/wp\/v2\/types\/post"}],"author":[{"embeddable":true,"href":"https:\/\/haircenterofturkey.com\/fr\/wp-json\/wp\/v2\/users\/2"}],"replies":[{"embeddable":true,"href":"https:\/\/haircenterofturkey.com\/fr\/wp-json\/wp\/v2\/comments?post=3788"}],"version-history":[{"count":3,"href":"https:\/\/haircenterofturkey.com\/fr\/wp-json\/wp\/v2\/posts\/3788\/revisions"}],"predecessor-version":[{"id":26881,"href":"https:\/\/haircenterofturkey.com\/fr\/wp-json\/wp\/v2\/posts\/3788\/revisions\/26881"}],"wp:featuredmedia":[{"embeddable":true,"href":"https:\/\/haircenterofturkey.com\/fr\/wp-json\/wp\/v2\/media\/4254"}],"wp:attachment":[{"href":"https:\/\/haircenterofturkey.com\/fr\/wp-json\/wp\/v2\/media?parent=3788"}],"wp:term":[{"taxonomy":"category","embeddable":true,"href":"https:\/\/haircenterofturkey.com\/fr\/wp-json\/wp\/v2\/categories?post=3788"},{"taxonomy":"post_tag","embeddable":true,"href":"https:\/\/haircenterofturkey.com\/fr\/wp-json\/wp\/v2\/tags?post=3788"}],"curies":[{"name":"wp","href":"https:\/\/api.w.org\/{rel}","templated":true}]}}