{"id":3345,"date":"2024-08-23T12:27:45","date_gmt":"2024-08-23T09:27:45","guid":{"rendered":"https:\/\/haircenterofturkey.com\/la-creatine-provoque-t-elle-la-chute-des-cheveux\/"},"modified":"2026-03-31T10:12:03","modified_gmt":"2026-03-31T07:12:03","slug":"la-creatine-provoque-t-elle-la-chute-des-cheveux","status":"publish","type":"post","link":"https:\/\/haircenterofturkey.com\/fr\/la-creatine-provoque-t-elle-la-chute-des-cheveux\/","title":{"rendered":"La Cr\u00e9atine Provoque-t-elle La Chute Des Cheveux ? Ce Que Dit La Science \u00c0 Propos De La Dht Et De La Chute Des Cheveux"},"content":{"rendered":"\n<h2 class=\"wp-block-heading\" id=\"la-creatine-provoque-t-elle-une-perte-de-cheveux\"><b>La cr\u00e9atine provoque-t-elle une perte de cheveux ?<\/b><\/h2>\n\n\n\n<p><span style=\"font-weight: 400;\">Il n\u2019a pas <a href=\"https:\/\/haircenterofturkey.com\/fr\/quelle-saison-pour-la-greffe-de-cheveux\/\">\u00e9t\u00e9<\/a> prouv\u00e9 que la cr\u00e9atine provoque une <a href=\"https:\/\/haircenterofturkey.com\/fr\/les-plus-grosses-erreurs-a-eviter-chez-le-coiffeur-et-comment-les-corriger\/\">perte de cheveux<\/a>. L\u2019inqui\u00e9tude provient principalement d\u2019une petite \u00e9tude de 2009 ayant constat\u00e9 une augmentation des niveaux de DHT (une hormone li\u00e9e \u00e0 la <a href=\"https:\/\/haircenterofturkey.com\/fr\/medicaments-utilises-dans-les-traitements-contre-la-perte-de-cheveux\/\">calvitie<\/a> masculine) apr\u00e8s une phase de charge de cr\u00e9atine \u00e0 court terme, mais l\u2019\u00e9tude n\u2019a pas mesur\u00e9 la <a href=\"https:\/\/haircenterofturkey.com\/fr\/causes-de-la-perte-de-cheveux\/\">chute des cheveux<\/a>. Un essai randomis\u00e9 plus r\u00e9cent de 12 semaines n\u2019a r\u00e9v\u00e9l\u00e9 aucun changement dans les niveaux de DHT ni dans les marqueurs de croissance capillaire.<\/span><\/p>\n\n\n\n<h2 class=\"wp-block-heading\" id=\"pourquoi-les-gens-associent-la-creatine-a-la-perte-de-cheveux\"><b>Pourquoi les gens associent la cr\u00e9atine \u00e0 la perte de cheveux<\/b><\/h2>\n\n\n\n<p><span style=\"font-weight: 400;\">La cr\u00e9atine est l\u2019un des compl\u00e9ments sportifs les plus \u00e9tudi\u00e9s, donc les mythes circulent rapidement. La rumeur de la perte de cheveux provient g\u00e9n\u00e9ralement de la dihydrotestost\u00e9rone (DHT), un androg\u00e8ne impliqu\u00e9 dans l\u2019<a href=\"https:\/\/haircenterofturkey.com\/fr\/le-shampooing-anti-dht-est-il-efficace-contre-la-chute-des-cheveux\/\">alop\u00e9cie androg\u00e9n\u00e9tique<\/a> (calvitie masculine\/f\u00e9minine). Si vos follicules sont g\u00e9n\u00e9tiquement sensibles \u00e0 la DHT, m\u00eame des fluctuations hormonales normales peuvent avoir plus d\u2019impact que chez quelqu\u2019un sans cette pr\u00e9disposition.<\/span><\/p>\n\n\n\n<figure class=\"wp-block-image\"><img decoding=\"async\" src=\"https:\/\/haircenterofturkey.com\/wp-content\/uploads\/2024\/08\/Does-Creatine-Cause-Hair-Loss.webp\" alt=\"La cr\u00e9atine provoque-t-elle une perte de cheveux ?\" title=\"\"><\/figure>\n\n\n\n<div class=\"wp-block-rank-math-toc-block\" id=\"rank-math-toc\"><h2>Table des mati\u00e8res<\/h2><nav><ul><li class=\"\"><a href=\"#la-creatine-provoque-t-elle-une-perte-de-cheveux\">La cr\u00e9atine provoque-t-elle une perte de cheveux ?<\/a><\/li><li class=\"\"><a href=\"#pourquoi-les-gens-associent-la-creatine-a-la-perte-de-cheveux\">Pourquoi les gens associent la cr\u00e9atine \u00e0 la perte de cheveux<\/a><\/li><li class=\"\"><a href=\"#ce-que-montrent-reellement-les-recherches\">Ce que montrent r\u00e9ellement les recherches<\/a><\/li><li class=\"\"><a href=\"#dht-genetique-et-pourquoi-les-resultats-different-selon-les-personnes\">DHT, g\u00e9n\u00e9tique et pourquoi les r\u00e9sultats diff\u00e8rent selon les personnes<\/a><\/li><li class=\"\"><a href=\"#autres-raisons-frequentes-de-perte-de-cheveux-en-prenant-de-la-creatine\">Autres raisons fr\u00e9quentes de perte de cheveux en prenant de la cr\u00e9atine<\/a><\/li><li class=\"\"><a href=\"#que-faire-si-vous-remarquez-une-chute-de-cheveux\">Que faire si vous remarquez une chute de cheveux<\/a><\/li><li class=\"\"><a href=\"#soutenir-la-sante-capillaire-pendant-lentrainement\">Soutenir la sant\u00e9 capillaire pendant l\u2019entra\u00eenement<\/a><\/li><li class=\"\"><a href=\"#quand-consulter-un-specialiste-de-la-perte-de-cheveux\">Quand consulter un sp\u00e9cialiste de la perte de cheveux<\/a><\/li><li class=\"\"><a href=\"#faq\">FAQ<\/a><ul><li class=\"\"><a href=\"#faq-question-1771335222435\">La cr\u00e9atine augmente-t-elle la DHT et la chute de cheveux ?<\/a><\/li><li class=\"\"><a href=\"#faq-question-1771335230444\">Dois-je arr\u00eater la cr\u00e9atine si j\u2019ai une chute de cheveux ?<\/a><\/li><li class=\"\"><a href=\"#faq-question-1771335235877\">Vais-je arr\u00eater de perdre mes cheveux si j\u2019arr\u00eate la cr\u00e9atine ?<\/a><\/li><li class=\"\"><a href=\"#faq-question-1771335241054\">Quelle quantit\u00e9 de cr\u00e9atine pour \u00e9viter la chute de cheveux ?<\/a><\/li><li class=\"\"><a href=\"#faq-question-1771335246967\">La cr\u00e9atine est-elle mauvaise pour les cheveux clairsem\u00e9s ?<\/a><\/li><\/ul><\/li><\/ul><\/nav><\/div>\n\n\n\n<h2 class=\"wp-block-heading\" id=\"ce-que-montrent-reellement-les-recherches\"><b>Ce que montrent r\u00e9ellement les recherches<\/b><\/h2>\n\n\n\n<p><span style=\"font-weight: 400;\">Une petite \u00e9tude en double aveugle men\u00e9e en 2009 chez des joueurs de rugby universitaires a rapport\u00e9 une augmentation de la DHT et du ratio DHT\/testost\u00e9rone apr\u00e8s une phase de \u201ccharge\u201d en cr\u00e9atine. Il est important de noter qu\u2019elle n\u2019a <\/span><b>pas<\/b><span style=\"font-weight: 400;\"> suivi la <a href=\"https:\/\/haircenterofturkey.com\/fr\/alopecie-androgenetique-chute-de-cheveux-masculine\/\">chute de cheveux<\/a>, la densit\u00e9 capillaire ou les changements au niveau du cuir <a href=\"https:\/\/haircenterofturkey.com\/fr\/conseils-pour-lutter-contre-leczema-du-cuir-chevelu\/\">chevelu<\/a>.<\/span><\/p>\n\n\n\n<p><span style=\"font-weight: 400;\">Plus r\u00e9cemment, un essai contr\u00f4l\u00e9 randomis\u00e9 de 12 semaines (2025) a compar\u00e9 la cr\u00e9atine \u00e0 un placebo et n\u2019a r\u00e9v\u00e9l\u00e9 <\/span><b>aucune diff\u00e9rence significative<\/b><span style=\"font-weight: 400;\"> dans les niveaux de DHT, le ratio DHT\/testost\u00e9rone, ou les param\u00e8tres de croissance capillaire entre les groupes. En pratique, c\u2019est le type d\u2019\u00e9tude que les gens attendaient apr\u00e8s celle de 2009.<\/span><\/p>\n\n\n\n<p><span style=\"font-weight: 400;\">Le profil de s\u00e9curit\u00e9 g\u00e9n\u00e9ral de la cr\u00e9atine est \u00e9galement bien \u00e9tabli dans la litt\u00e9rature sur la nutrition sportive, avec des prises de position d\u00e9crivant la cr\u00e9atine monohydrate comme un compl\u00e9ment bien \u00e9tudi\u00e9 lorsqu\u2019il est utilis\u00e9 correctement.<\/span><\/p>\n\n\n\n<h2 class=\"wp-block-heading\" id=\"dht-genetique-et-pourquoi-les-resultats-different-selon-les-personnes\"><b>DHT, g\u00e9n\u00e9tique et pourquoi les r\u00e9sultats diff\u00e8rent selon les personnes<\/b><\/h2>\n\n\n\n<p><span style=\"font-weight: 400;\">La DHT ne \u201ccause\u201d pas \u00e0 elle seule la perte de cheveux. La calvitie h\u00e9r\u00e9ditaire survient lorsque les follicules sont g\u00e9n\u00e9tiquement sensibles \u00e0 la DHT sur le long terme, entra\u00eenant une miniaturisation (cheveux plus fins, plus courts et une diminution progressive de la densit\u00e9). Si vous avez d\u00e9j\u00e0 des ant\u00e9c\u00e9dents familiaux d\u2019amincissement, vous pouvez remarquer une chute plus t\u00f4t que des amis prenant le m\u00eame compl\u00e9ment.<\/span><\/p>\n\n\n\n<p><span style=\"font-weight: 400;\">Cela dit, voir plus de cheveux dans la douche ne signifie pas automatiquement que la DHT augmente. Beaucoup de personnes connaissent des pertes temporaires dues \u00e0 d\u2019autres facteurs.<\/span><\/p>\n\n\n\n<figure class=\"wp-block-image\"><img decoding=\"async\" src=\"https:\/\/haircenterofturkey.com\/wp-content\/uploads\/2024\/08\/Does-Creatine-Cause-Hair-Loss_1.webp\" alt=\"La cr\u00e9atine provoque-t-elle une perte de cheveux ?\" title=\"\"><\/figure>\n\n\n\n<p><\/p>\n\n\n\n<h2 class=\"wp-block-heading\" id=\"autres-raisons-frequentes-de-perte-de-cheveux-en-prenant-de-la-creatine\"><b>Autres raisons fr\u00e9quentes de perte de cheveux en prenant de la cr\u00e9atine<\/b><\/h2>\n\n\n\n<p><span style=\"font-weight: 400;\">Si la perte de cheveux commence en m\u00eame temps que la prise de cr\u00e9atine, le timing peut induire en erreur. Quelques facteurs confondants courants :<\/span><\/p>\n\n\n\n<ul class=\"wp-block-list\">\n<li><span style=\"font-weight: 400;\">**Entra\u00eenement intense et r\u00e9cup\u00e9ration insuffisante :** Des augmentations rapides du volume d\u2019entra\u00eenement, un mauvais sommeil ou un stress \u00e9lev\u00e9 peuvent contribuer \u00e0 la chute.<\/span><\/li>\n\n\n\n<li><span style=\"font-weight: 400;\">**D\u00e9ficits caloriques et perte de poids rapide :** Une restriction excessive peut r\u00e9duire l\u2019apport en prot\u00e9ines, en fer, en zinc et l\u2019\u00e9nergie globale disponible.<\/span><\/li>\n\n\n\n<li><span style=\"font-weight: 400;\">**Maladie ou stress majeur :** Ceux-ci peuvent d\u00e9clencher un effluvium t\u00e9log\u00e8ne (chute temporaire) quelques semaines ou mois plus tard.<\/span><\/li>\n\n\n\n<li><span style=\"font-weight: 400;\">**Qualit\u00e9 des compl\u00e9ments :** La contamination est rare avec des marques r\u00e9put\u00e9es, mais les tests effectu\u00e9s par des tiers sont importants.<\/span><\/li>\n\n\n\n<li><span style=\"font-weight: 400;\">**Alop\u00e9cie androg\u00e9n\u00e9tique existante :** La cr\u00e9atine peut \u00eatre bl\u00e2m\u00e9e pour un processus d\u00e9j\u00e0 en cours.<\/span><\/li>\n<\/ul>\n\n\n\n<figure class=\"wp-block-image\"><img decoding=\"async\" src=\"https:\/\/haircenterofturkey.com\/wp-content\/uploads\/2024\/08\/Does-Creatine-Cause-Hair-Loss_3.webp\" alt=\"La cr\u00e9atine provoque-t-elle une perte de cheveux ?\" title=\"\"><\/figure>\n\n\n\n<p><\/p>\n\n\n\n<h2 class=\"wp-block-heading\" id=\"que-faire-si-vous-remarquez-une-chute-de-cheveux\"><b>Que faire si vous remarquez une chute de cheveux<\/b><\/h2>\n\n\n\n<p><span style=\"font-weight: 400;\">Si la chute est l\u00e9g\u00e8re et que vous vous sentez bien, cela peut se stabiliser d\u2019elle-m\u00eame. Si elle est soudaine, importante ou accompagn\u00e9e de <a href=\"https:\/\/haircenterofturkey.com\/fr\/la-greffe-de-cheveux-est-elle-adaptee-aux-personnes-souffrant-de-maladies-de-la-peau\/\">sympt\u00f4mes<\/a> au niveau du <a href=\"https:\/\/haircenterofturkey.com\/fr\/comment-diminuer-les-demangeaisons-de-son-cuir-chevelu\/\">cuir chevelu<\/a> (<a href=\"https:\/\/haircenterofturkey.com\/fr\/comment-diminuer-les-demangeaisons-de-son-cuir-chevelu\/\">d\u00e9mangeaisons<\/a>, br\u00fblures, desquamation) ou d\u2019un amincissement \u00e9vident aux tempes\/sur le sommet de la t\u00eate, il est conseill\u00e9 de consulter.<\/span><\/p>\n\n\n\n<p><span style=\"font-weight: 400;\">Un professionnel de sant\u00e9 pourra examiner :<\/span><\/p>\n\n\n\n<ul class=\"wp-block-list\">\n<li><span style=\"font-weight: 400;\">Chute localis\u00e9e ou diffuse<\/span><\/li>\n\n\n\n<li><span style=\"font-weight: 400;\">Stress r\u00e9cent, changements alimentaires, maladies ou m\u00e9dicaments<\/span><\/li>\n\n\n\n<li><span style=\"font-weight: 400;\">Fer (ferritine), vitamine D, fonction thyro\u00efdienne, et autres bilans si n\u00e9cessaire<\/span><\/li>\n<\/ul>\n\n\n\n<p><span style=\"font-weight: 400;\">Si vous avez de forts ant\u00e9c\u00e9dents familiaux d\u2019alop\u00e9cie androg\u00e9n\u00e9tique, renseignez-vous sur les options bas\u00e9es sur des preuves telles que le <a href=\"https:\/\/haircenterofturkey.com\/fr\/medicaments-utilises-dans-les-traitements-contre-la-perte-de-cheveux\/\">minoxidil<\/a> topique ou les traitements sur ordonnance \u2014 ceux-ci doivent \u00eatre discut\u00e9s avec un professionnel de sant\u00e9.<\/span><\/p>\n\n\n\n<p><img decoding=\"async\" src=\"https:\/\/haircenterofturkey.com\/wp-content\/uploads\/2024\/08\/Does-Creatine-Cause-Hair-Loss_2.webp\" alt=\"La cr\u00e9atine provoque-t-elle une perte de cheveux ?\" title=\"\"><strong>Points \u00e0 consid\u00e9rer<\/strong><\/p>\n\n\n\n<h2 class=\"wp-block-heading\" id=\"soutenir-la-sante-capillaire-pendant-lentrainement\"><b>Soutenir la sant\u00e9 capillaire pendant l\u2019entra\u00eenement<\/b><\/h2>\n\n\n\n<p><span style=\"font-weight: 400;\">Les cheveux refl\u00e8tent souvent l\u2019\u00e9tat de sant\u00e9 g\u00e9n\u00e9ral. Ces bases sont plus utiles que les shampoings \u201cmiracles\u201d :<\/span><\/p>\n\n\n\n<ul class=\"wp-block-list\">\n<li><span style=\"font-weight: 400;\">Consommez suffisamment de calories et de prot\u00e9ines selon votre charge d&rsquo;entra\u00eenement<\/span><\/li>\n\n\n\n<li><span style=\"font-weight: 400;\">Visez une perte de graisse progressive et durable si vous \u00eates en phase de s\u00e8che<\/span><\/li>\n\n\n\n<li><span style=\"font-weight: 400;\">Donnez la priorit\u00e9 au sommeil et \u00e0 la r\u00e9cup\u00e9ration<\/span><\/li>\n\n\n\n<li><span style=\"font-weight: 400;\">\u00c9vitez les coiffures serr\u00e9es et les traitements chimiques agressifs si vos cheveux sont fragiles<\/span><\/li>\n<\/ul>\n\n\n\n<h2 class=\"wp-block-heading\" id=\"quand-consulter-un-specialiste-de-la-perte-de-cheveux\"><b>Quand consulter un sp\u00e9cialiste de la perte de cheveux<\/b><\/h2>\n\n\n\n<p><span style=\"font-weight: 400;\">Si vous souhaitez comprendre ce qui cause votre perte de cheveux \u2014 notamment si vous envisagez une solution \u00e0 long terme \u2014 un diagnostic pr\u00e9cis vous fera gagner du temps. Hair Center of Turkey propose une approche personnalis\u00e9e de type VIP ax\u00e9e d\u2019abord sur la compr\u00e9hension de la cause, puis sur les \u00e9tapes adapt\u00e9es \u00e0 votre situation, vos ant\u00e9c\u00e9dents et vos objectifs.<\/span><\/p>\n\n\n\n<h2 class=\"wp-block-heading\" id=\"faq\">FAQ<\/h2>\n\n\n<div id=\"rank-math-faq\" class=\"rank-math-block\">\n<div class=\"rank-math-list \">\n<div id=\"faq-question-1771335222435\" class=\"rank-math-list-item\">\n<h3 class=\"rank-math-question \">La cr\u00e9atine augmente-t-elle la DHT et la chute de cheveux ?<\/h3>\n<div class=\"rank-math-answer \">\n\n<p>Non, aucune preuve solide que la cr\u00e9atine augmente la DHT ou cause la chute.<\/p>\n\n<\/div>\n<\/div>\n<div id=\"faq-question-1771335230444\" class=\"rank-math-list-item\">\n<h3 class=\"rank-math-question \">Dois-je arr\u00eater la cr\u00e9atine si j\u2019ai une chute de cheveux ?<\/h3>\n<div class=\"rank-math-answer \">\n\n<p>Non; arr\u00eater la cr\u00e9atine est facultatif, mais surveillez et consultez un dermatologue.<\/p>\n\n<\/div>\n<\/div>\n<div id=\"faq-question-1771335235877\" class=\"rank-math-list-item\">\n<h3 class=\"rank-math-question \">Vais-je arr\u00eater de perdre mes cheveux si j\u2019arr\u00eate la cr\u00e9atine ?<\/h3>\n<div class=\"rank-math-answer \">\n\n<p>Peu probable; arr\u00eater la cr\u00e9atine n\u2019arr\u00eatera pas s\u00fbrement la chute chez les pr\u00e9dispos\u00e9s.<\/p>\n\n<\/div>\n<\/div>\n<div id=\"faq-question-1771335241054\" class=\"rank-math-list-item\">\n<h3 class=\"rank-math-question \">Quelle quantit\u00e9 de cr\u00e9atine pour \u00e9viter la chute de cheveux ?<\/h3>\n<div class=\"rank-math-answer \">\n\n<p>Aucune dose ne pr\u00e9vient prouv\u00e9ment la chute; 3\u20135 g\/j n\u2019a pas montr\u00e9 de causalit\u00e9.<\/p>\n\n<\/div>\n<\/div>\n<div id=\"faq-question-1771335246967\" class=\"rank-math-list-item\">\n<h3 class=\"rank-math-question \">La cr\u00e9atine est-elle mauvaise pour les cheveux clairsem\u00e9s ?<\/h3>\n<div class=\"rank-math-answer \">\n\n<p>Non; la cr\u00e9atine n\u2019est pas prouv\u00e9e nocive pour des cheveux clairsem\u00e9s.<\/p>\n\n<\/div>\n<\/div>\n<\/div>\n<\/div>\n\n\n<p><\/p>\n","protected":false},"excerpt":{"rendered":"<p>La cr\u00e9atine provoque-t-elle une perte de cheveux ? Il n\u2019a pas \u00e9t\u00e9 prouv\u00e9 que la cr\u00e9atine provoque une perte de cheveux. L\u2019inqui\u00e9tude provient principalement d\u2019une petite \u00e9tude de 2009 ayant constat\u00e9 une augmentation des niveaux de DHT (une hormone li\u00e9e \u00e0 la calvitie masculine) apr\u00e8s une phase de charge de cr\u00e9atine \u00e0 court terme, mais [&hellip;]<\/p>\n","protected":false},"author":2,"featured_media":3343,"comment_status":"closed","ping_status":"closed","sticky":false,"template":"","format":"standard","meta":{"footnotes":""},"categories":[3,145],"tags":[],"class_list":["post-3345","post","type-post","status-publish","format-standard","has-post-thumbnail","hentry","category-blog","category-perte-de-cheveux"],"_links":{"self":[{"href":"https:\/\/haircenterofturkey.com\/fr\/wp-json\/wp\/v2\/posts\/3345","targetHints":{"allow":["GET"]}}],"collection":[{"href":"https:\/\/haircenterofturkey.com\/fr\/wp-json\/wp\/v2\/posts"}],"about":[{"href":"https:\/\/haircenterofturkey.com\/fr\/wp-json\/wp\/v2\/types\/post"}],"author":[{"embeddable":true,"href":"https:\/\/haircenterofturkey.com\/fr\/wp-json\/wp\/v2\/users\/2"}],"replies":[{"embeddable":true,"href":"https:\/\/haircenterofturkey.com\/fr\/wp-json\/wp\/v2\/comments?post=3345"}],"version-history":[{"count":4,"href":"https:\/\/haircenterofturkey.com\/fr\/wp-json\/wp\/v2\/posts\/3345\/revisions"}],"predecessor-version":[{"id":33599,"href":"https:\/\/haircenterofturkey.com\/fr\/wp-json\/wp\/v2\/posts\/3345\/revisions\/33599"}],"wp:featuredmedia":[{"embeddable":true,"href":"https:\/\/haircenterofturkey.com\/fr\/wp-json\/wp\/v2\/media\/3343"}],"wp:attachment":[{"href":"https:\/\/haircenterofturkey.com\/fr\/wp-json\/wp\/v2\/media?parent=3345"}],"wp:term":[{"taxonomy":"category","embeddable":true,"href":"https:\/\/haircenterofturkey.com\/fr\/wp-json\/wp\/v2\/categories?post=3345"},{"taxonomy":"post_tag","embeddable":true,"href":"https:\/\/haircenterofturkey.com\/fr\/wp-json\/wp\/v2\/tags?post=3345"}],"curies":[{"name":"wp","href":"https:\/\/api.w.org\/{rel}","templated":true}]}}