{"id":9699,"date":"2025-09-19T15:43:11","date_gmt":"2025-09-19T12:43:11","guid":{"rendered":"https:\/\/haircenterofturkey.com\/cuales-son-las-tecnicas-correctas-para-secar-el-cabello-con-secador\/"},"modified":"2026-03-30T16:52:32","modified_gmt":"2026-03-30T13:52:32","slug":"tecnicas-correctas-para-secar-el-cabello-con-secador","status":"publish","type":"post","link":"https:\/\/haircenterofturkey.com\/es\/tecnicas-correctas-para-secar-el-cabello-con-secador\/","title":{"rendered":"T\u00e9cnicas Correctas Para Secar El Cabello Con Secador: Gu\u00eda Paso a Paso Para Un Cabello Suave Y Saludable"},"content":{"rendered":"\n<h2 class=\"wp-block-heading\" id=\"cuales-son-las-tecnicas-correctas-de-secado-con-secador\"><b>\u00bfCu\u00e1les Son las T\u00e9cnicas Correctas de Secado con Secador?<\/b><\/h2>\n\n\n\n<p>El secado correcto comienza con secar suavemente con una toalla, aplicar protector t\u00e9rmico y trabajar por secciones. Mant\u00e9n la boquilla apuntando hacia abajo y el secador a 15\u201320 cm del cabello. Usa la temperatura m\u00e1s baja efectiva y termina con aire fr\u00edo para alisar la cut\u00edcula, reducir el frizz y dar brillo.<\/p>\n\n\n\n<figure class=\"wp-block-image\"><img decoding=\"async\" src=\"https:\/\/haircenterofturkey.com\/wp-content\/uploads\/2025\/09\/What-Are-the-Correct-Blow-Drying-Techniques-1.webp\" alt=\"\u00bfCu\u00e1les Son las T\u00e9cnicas Correctas de Secado con Secador?\" title=\"\"><\/figure>\n\n\n\n<div class=\"wp-block-rank-math-toc-block\" id=\"rank-math-toc\"><h2>\u00cdndice<\/h2><nav><ul><li class=\"\"><a href=\"#cuales-son-las-tecnicas-correctas-de-secado-con-secador\">\u00bfCu\u00e1les Son las T\u00e9cnicas Correctas de Secado con Secador?<\/a><\/li><li class=\"\"><a href=\"#por-que-importa-un-buen-secado\">Por Qu\u00e9 Importa un Buen Secado<\/a><\/li><li class=\"\"><a href=\"#como-preparar-el-cabello-antes-de-secar\">C\u00f3mo Preparar el Cabello Antes de Secar<\/a><\/li><li class=\"\"><a href=\"#tecnica-de-secado-paso-a-paso\">T\u00e9cnica de Secado Paso a Paso<\/a><\/li><li class=\"\"><a href=\"#herramientas-que-facilitan-el-secado\">Herramientas Que Facilitan el Secado<\/a><\/li><li class=\"\"><a href=\"#como-prevenir-danos-por-calor-al-secar\">C\u00f3mo Prevenir Da\u00f1os por Calor al Secar<\/a><\/li><li class=\"\"><a href=\"#consejos-segun-el-tipo-de-cabello\">Consejos Seg\u00fan el Tipo de Cabello<\/a><ul><li class=\"\"><a href=\"#cabello-fino\">Cabello Fino<\/a><\/li><li class=\"\"><a href=\"#cabello-grueso-o-aspero\">Cabello Grueso o \u00c1spero<\/a><\/li><li class=\"\"><a href=\"#cabello-rizado-u-ondulado\">Cabello Rizado u Ondulado<\/a><\/li><\/ul><\/li><li class=\"\"><a href=\"#errores-comunes-al-usar-el-secador\">Errores Comunes al Usar el Secador<\/a><\/li><li class=\"\"><a href=\"#preguntas-frecuentes-sobre-tecnicas-de-secado\">Preguntas Frecuentes Sobre T\u00e9cnicas de Secado<\/a><ul><li class=\"\"><a href=\"#faq-question-1771498896406\">\u00bfCu\u00e1l es la forma m\u00e1s saludable de secar el cabello?<\/a><\/li><li class=\"\"><a href=\"#faq-question-1771498908107\">\u00bfEs mejor secar el cabello con aire caliente o fr\u00edo?<\/a><\/li><li class=\"\"><a href=\"#faq-question-1771498911782\">\u00bfCu\u00e1l es la forma correcta de usar un secador de pelo?<\/a><\/li><li class=\"\"><a href=\"#faq-question-1771498915984\">\u00bfEs mejor secar el cabello mojado o h\u00famedo?<\/a><\/li><li class=\"\"><a href=\"#faq-question-1771498920582\">\u00bfDebo secarme el cabello hacia arriba o hacia abajo?<\/a><\/li><li class=\"\"><a href=\"#faq-question-1771498924856\">\u00bfDebo secar el cabello con una toalla o dejarlo secar al aire?<\/a><\/li><\/ul><\/li><\/ul><\/nav><\/div>\n\n\n\n<h2 class=\"wp-block-heading\" id=\"por-que-importa-un-buen-secado\"><b>Por Qu\u00e9 Importa un Buen Secado<\/b><\/h2>\n\n\n\n<p><span style=\"font-weight: 400;\">El secado con secador puede moldear tu <a href=\"https:\/\/haircenterofturkey.com\/es\/los-mejores-peinados-para-diferentes-formas-de-rostro\/\">peinado<\/a>, dar volumen y un acabado m\u00e1s suave, pero la t\u00e9cnica importa tanto como el calor. Si el cabello se seca al azar o de forma agresiva, la cut\u00edcula se levanta, lo que puede causar frizz y opacidad. Un enfoque controlado, por secciones, te ayuda a lograr un resultado pulido siendo m\u00e1s cuidadoso con tu cabello.<\/span><\/p>\n\n\n\n<h2 class=\"wp-block-heading\" id=\"como-preparar-el-cabello-antes-de-secar\"><b>C\u00f3mo Preparar el Cabello Antes de Secar<\/b><\/h2>\n\n\n\n<p><span style=\"font-weight: 400;\">Empieza con el cabello limpio y acondicionado, y exprime suavemente el exceso de agua con una toalla de microfibra o una camiseta suave. Evita frotar con fuerza, lo que puede enredar y debilitar las hebras mojadas. Aplica protector t\u00e9rmico uniformemente en medios y puntas, y desenreda con un peine de dientes anchos.<\/span><\/p>\n\n\n\n<p><span style=\"font-weight: 400;\">Si usas productos de peinado, que sean ligeros y adecuados a tu objetivo:<\/span><\/p>\n\n\n\n<ul class=\"wp-block-list\">\n<li><span style=\"font-weight: 400;\">Para suavidad: una peque\u00f1a cantidad de crema antifrizz o acondicionador sin enjuague.<\/span><\/li>\n\n\n\n<li><span style=\"font-weight: 400;\">Para volumen: una espuma o spray elevador en ra\u00edces.<\/span><\/li>\n\n\n\n<li><span style=\"font-weight: 400;\">Para definici\u00f3n de rizos: una crema o gel para rizos; luego difuminar en lugar de cepillar.<\/span><\/li>\n<\/ul>\n\n\n\n<h2 class=\"wp-block-heading\" id=\"tecnica-de-secado-paso-a-paso\"><b>T\u00e9cnica de Secado Paso a Paso<\/b><\/h2>\n\n\n\n<p><span style=\"font-weight: 400;\">La forma m\u00e1s f\u00e1cil de mejorar tu secado es controlar el flujo de aire, la tensi\u00f3n y el tiempo. Deja que el cabello se seque al aire hasta un 60\u201370% y luego sigue estos pasos:<\/span><\/p>\n\n\n\n<ol class=\"wp-block-list\">\n<li><span style=\"font-weight: 400;\">Divide tu cabello en 4\u20136 secciones con pinzas.<\/span><\/li>\n\n\n\n<li><span style=\"font-weight: 400;\">Configura el secador en calor y velocidad media (el cabello fino o da\u00f1ado puede necesitar menor temperatura).<\/span><\/li>\n\n\n\n<li><span style=\"font-weight: 400;\">Coloca la boquilla concentradora para un acabado m\u00e1s liso y dirige el aire de ra\u00edces a puntas.<\/span><\/li>\n\n\n\n<li><span style=\"font-weight: 400;\">Trabaja una secci\u00f3n a la vez. Usa un cepillo para crear tensi\u00f3n suave y sigue con el secador.<\/span><\/li>\n\n\n\n<li><span style=\"font-weight: 400;\">Mant\u00e9n el secador a 15\u201320 cm de distancia y en movimiento para evitar zonas calientes.<\/span><\/li>\n\n\n\n<li><span style=\"font-weight: 400;\">Seca primero las ra\u00edces para levantar, luego medios y puntas.<\/span><\/li>\n\n\n\n<li><span style=\"font-weight: 400;\">Finaliza con aire fr\u00edo para fijar el estilo y dar brillo.<\/span><\/li>\n<\/ol>\n\n\n\n<h2 class=\"wp-block-heading\" id=\"herramientas-que-facilitan-el-secado\"><b>Herramientas Que Facilitan el Secado<\/b><\/h2>\n\n\n\n<p><span style=\"font-weight: 400;\">Las buenas herramientas no corrigen una t\u00e9cnica deficiente, pero hacen que los resultados sean m\u00e1s r\u00e1pidos y consistentes. Elige seg\u00fan tu tipo de cabello y el acabado que deseas.<\/span><\/p>\n\n\n\n<ul class=\"wp-block-list\">\n<li><span style=\"font-weight: 400;\">Secador con ajuste de calor y velocidad.<\/span><\/li>\n\n\n\n<li><span style=\"font-weight: 400;\">Boquilla concentradora para estilos lisos.<\/span><\/li>\n\n\n\n<li><span style=\"font-weight: 400;\">Difusor para rizos y ondas.<\/span><\/li>\n\n\n\n<li><span style=\"font-weight: 400;\">Cepillo redondo para volumen y forma; cepillo plano para un acabado liso.<\/span><\/li>\n\n\n\n<li><span style=\"font-weight: 400;\">Pinzas para seccionar y secar de forma uniforme.<\/span><\/li>\n\n\n\n<li><span style=\"font-weight: 400;\">Toalla de microfibra o camiseta para reducir el frizz antes de comenzar.<\/span><\/li>\n<\/ul>\n\n\n\n<h2 class=\"wp-block-heading\" id=\"como-prevenir-danos-por-calor-al-secar\"><b>C\u00f3mo Prevenir Da\u00f1os por Calor al Secar<\/b><\/h2>\n\n\n\n<p><span style=\"font-weight: 400;\">El da\u00f1o t\u00e9rmico suele deberse a temperaturas altas, repeticiones excesivas y secado excesivo. Usa el calor m\u00e1s bajo posible, especialmente en cabello fino, te\u00f1ido o ya seco. Detente cuando el cabello est\u00e9 seco y suave; seguir \u201cperfeccionando\u201d las puntas suele causar m\u00e1s da\u00f1o.<\/span><\/p>\n\n\n\n<p><span style=\"font-weight: 400;\">Despu\u00e9s del peinado, aplica un suero o aceite ligero en las puntas para suavidad y control del encrespamiento. Si el cabello se siente \u00e1spero o quebradizo, reduce la frecuencia de secado y a\u00f1ade una mascarilla hidratante semanal.<\/span><\/p>\n\n\n\n<h2 class=\"wp-block-heading\" id=\"consejos-segun-el-tipo-de-cabello\"><b>Consejos Seg\u00fan el Tipo de Cabello<\/b><\/h2>\n\n\n\n<h3 class=\"wp-block-heading\" id=\"cabello-fino\"><b>Cabello Fino<\/b><\/h3>\n\n\n\n<p><span style=\"font-weight: 400;\">Usa menos calor y poca cantidad de producto para no apelmazar. Levanta en ra\u00edces con cepillo redondo o seca en direcci\u00f3n contraria, luego alisa la capa superior. Termina con aire fr\u00edo para mantener el volumen.<\/span><\/p>\n\n\n\n<h3 class=\"wp-block-heading\" id=\"cabello-grueso-o-aspero\"><b>Cabello Grueso o \u00c1spero<\/b><\/h3>\n\n\n\n<p><span style=\"font-weight: 400;\">Trabaja en secciones m\u00e1s peque\u00f1as y aumenta el flujo de aire en lugar del calor si es posible. La boquilla concentradora y un cepillo firme ayudan a generar tensi\u00f3n y alisar mejor. Seca completamente cada secci\u00f3n antes de pasar a la siguiente para evitar recalentar el mismo mech\u00f3n.<\/span><\/p>\n\n\n\n<h3 class=\"wp-block-heading\" id=\"cabello-rizado-u-ondulado\"><b>Cabello Rizado u Ondulado<\/b><\/h3>\n\n\n\n<p><span style=\"font-weight: 400;\">Para rizos definidos, no cepilles despu\u00e9s de aplicar tu producto. Usa difusor con calor bajo o medio y recoge los rizos hacia arriba para reducir el frizz. Si prefieres alisar, usa boquilla y cepillo, pero con la boquilla en \u00e1ngulo hacia abajo.<\/span><\/p>\n\n\n\n<h2 class=\"wp-block-heading\" id=\"errores-comunes-al-usar-el-secador\"><b>Errores Comunes al Usar el Secador<\/b><\/h2>\n\n\n\n<ul class=\"wp-block-list\">\n<li><span style=\"font-weight: 400;\">Empezar con el cabello empapado, lo que aumenta el tiempo de secado y la exposici\u00f3n al calor.<\/span><\/li>\n\n\n\n<li><span style=\"font-weight: 400;\">Omitir el protector t\u00e9rmico o aplicarlo solo en la capa superior.<\/span><\/li>\n\n\n\n<li><span style=\"font-weight: 400;\">Apuntar el aire hacia arriba, lo que puede levantar la cut\u00edcula y causar frizz.<\/span><\/li>\n\n\n\n<li><span style=\"font-weight: 400;\">Usar la m\u00e1xima temperatura por defecto en lugar de adaptarla al tipo de cabello.<\/span><\/li>\n\n\n\n<li><span style=\"font-weight: 400;\">Sujetar el secador muy cerca o dejarlo mucho tiempo en un solo punto.<\/span><\/li>\n\n\n\n<li><span style=\"font-weight: 400;\">Sobre-secar las puntas cuando el resto del cabello ya est\u00e1 seco.<\/span><\/li>\n<\/ul>\n\n\n\n<h2 class=\"wp-block-heading\" id=\"preguntas-frecuentes-sobre-tecnicas-de-secado\"><b>Preguntas Frecuentes Sobre T\u00e9cnicas de Secado<\/b><\/h2>\n\n\n<div id=\"rank-math-faq\" class=\"rank-math-block\">\n<div class=\"rank-math-list \">\n<div id=\"faq-question-1771498896406\" class=\"rank-math-list-item\">\n<h3 class=\"rank-math-question \">\u00bfCu\u00e1l es la forma m\u00e1s saludable de secar el cabello?<\/h3>\n<div class=\"rank-math-answer \">\n\n<p>S\u00e9calo a toques con microfibra, aplica protector t\u00e9rmico y usa calor bajo.<\/p>\n\n<\/div>\n<\/div>\n<div id=\"faq-question-1771498908107\" class=\"rank-math-list-item\">\n<h3 class=\"rank-math-question \">\u00bfEs mejor secar el cabello con aire caliente o fr\u00edo?<\/h3>\n<div class=\"rank-math-answer \">\n\n<p>Aire tibio o medio es m\u00e1s seguro que caliente; termina con aire fr\u00edo.<\/p>\n\n<\/div>\n<\/div>\n<div id=\"faq-question-1771498911782\" class=\"rank-math-list-item\">\n<h3 class=\"rank-math-question \">\u00bfCu\u00e1l es la forma correcta de usar un secador de pelo?<\/h3>\n<div class=\"rank-math-answer \">\n\n<p>Usa protector t\u00e9rmico, mant\u00e9n 15\u201320 cm, mueve siempre, y usa boquilla concentradora.<\/p>\n\n<\/div>\n<\/div>\n<div id=\"faq-question-1771498915984\" class=\"rank-math-list-item\">\n<h3 class=\"rank-math-question \">\u00bfEs mejor secar el cabello mojado o h\u00famedo?<\/h3>\n<div class=\"rank-math-answer \">\n\n<p>S\u00e9calo cuando est\u00e9 h\u00famedo, no chorreando, para reducir da\u00f1o por calor.<\/p>\n\n<\/div>\n<\/div>\n<div id=\"faq-question-1771498920582\" class=\"rank-math-list-item\">\n<h3 class=\"rank-math-question \">\u00bfDebo secarme el cabello hacia arriba o hacia abajo?<\/h3>\n<div class=\"rank-math-answer \">\n\n<p>S\u00e9calo hacia abajo, de ra\u00edces a puntas, para alisar y reducir frizz.<\/p>\n\n<\/div>\n<\/div>\n<div id=\"faq-question-1771498924856\" class=\"rank-math-list-item\">\n<h3 class=\"rank-math-question \">\u00bfDebo secar el cabello con una toalla o dejarlo secar al aire?<\/h3>\n<div class=\"rank-math-answer \">\n\n<p>S\u00e9calo con microfibra sin frotar, y deja al aire hasta h\u00famedo.<\/p>\n\n<\/div>\n<\/div>\n<\/div>\n<\/div>","protected":false},"excerpt":{"rendered":"<p>\u00bfCu\u00e1les Son las T\u00e9cnicas Correctas de Secado con Secador? El secado correcto comienza con secar suavemente con una toalla, aplicar protector t\u00e9rmico y trabajar por secciones. Mant\u00e9n la boquilla apuntando hacia abajo y el secador a 15\u201320 cm del cabello. Usa la temperatura m\u00e1s baja efectiva y termina con aire fr\u00edo para alisar la cut\u00edcula, [&hellip;]<\/p>\n","protected":false},"author":2,"featured_media":9887,"comment_status":"closed","ping_status":"closed","sticky":false,"template":"","format":"standard","meta":{"footnotes":""},"categories":[5,155],"tags":[],"class_list":["post-9699","post","type-post","status-publish","format-standard","has-post-thumbnail","hentry","category-blog","category-cuidado-del-cabello"],"_links":{"self":[{"href":"https:\/\/haircenterofturkey.com\/es\/wp-json\/wp\/v2\/posts\/9699","targetHints":{"allow":["GET"]}}],"collection":[{"href":"https:\/\/haircenterofturkey.com\/es\/wp-json\/wp\/v2\/posts"}],"about":[{"href":"https:\/\/haircenterofturkey.com\/es\/wp-json\/wp\/v2\/types\/post"}],"author":[{"embeddable":true,"href":"https:\/\/haircenterofturkey.com\/es\/wp-json\/wp\/v2\/users\/2"}],"replies":[{"embeddable":true,"href":"https:\/\/haircenterofturkey.com\/es\/wp-json\/wp\/v2\/comments?post=9699"}],"version-history":[{"count":5,"href":"https:\/\/haircenterofturkey.com\/es\/wp-json\/wp\/v2\/posts\/9699\/revisions"}],"predecessor-version":[{"id":33540,"href":"https:\/\/haircenterofturkey.com\/es\/wp-json\/wp\/v2\/posts\/9699\/revisions\/33540"}],"wp:featuredmedia":[{"embeddable":true,"href":"https:\/\/haircenterofturkey.com\/es\/wp-json\/wp\/v2\/media\/9887"}],"wp:attachment":[{"href":"https:\/\/haircenterofturkey.com\/es\/wp-json\/wp\/v2\/media?parent=9699"}],"wp:term":[{"taxonomy":"category","embeddable":true,"href":"https:\/\/haircenterofturkey.com\/es\/wp-json\/wp\/v2\/categories?post=9699"},{"taxonomy":"post_tag","embeddable":true,"href":"https:\/\/haircenterofturkey.com\/es\/wp-json\/wp\/v2\/tags?post=9699"}],"curies":[{"name":"wp","href":"https:\/\/api.w.org\/{rel}","templated":true}]}}