{"id":6232,"date":"2025-01-31T13:52:41","date_gmt":"2025-01-31T10:52:41","guid":{"rendered":"https:\/\/haircenterofturkey.com\/celebridades-con-alopecia-figuras-famosas-que-han-experimentado-perdida-de-cabello\/"},"modified":"2026-03-31T10:16:07","modified_gmt":"2026-03-31T07:16:07","slug":"celebridades-con-alopecia","status":"publish","type":"post","link":"https:\/\/haircenterofturkey.com\/es\/celebridades-con-alopecia\/","title":{"rendered":"Celebridades con Alopecia: Figuras Famosas que Han Experimentado P\u00e9rdida de Cabello"},"content":{"rendered":"\n<p><strong>Celebridades con Alopecia: Figuras Famosas que Han Experimentado <a href=\"https:\/\/haircenterofturkey.com\/es\/metodos-para-el-crecimiento-del-cabello-en-casa-que-funciona-y-que-no\/\">P\u00e9rdida de Cabello<\/a><\/strong><\/p>\n\n\n\n<p>La <strong>alopecia<\/strong> es una condici\u00f3n que afecta a millones de personas en todo el mundo, incluidas las celebridades. Ya sea causada por la gen\u00e9tica, trastornos autoinmunes o otros factores, la p\u00e9rdida de cabello puede impactar significativamente la confianza de una persona. En este art\u00edculo, exploraremos figuras conocidas que han experimentado alopecia, discutiendo sus trayectorias y el impacto de la p\u00e9rdida de cabello en sus vidas.<\/p>\n\n\n\n<div class=\"wp-block-rank-math-toc-block\" id=\"rank-math-toc\"><h2>\u00cdndice<\/h2><nav><ul><li class=\"\"><a href=\"#que-es-la-alopecia\">\u00bfQu\u00e9 es la Alopecia?<\/a><\/li><li class=\"\"><a href=\"#celebridades-famosas-con-alopecia\">Celebridades Famosas con Alopecia<\/a><ul><li class=\"\"><a href=\"#jada-pinkett-smith\">Jada Pinkett Smith<\/a><\/li><li class=\"\"><a href=\"#viola-davis\">Viola Davis<\/a><\/li><li class=\"\"><a href=\"#tyra-banks\">Tyra Banks<\/a><\/li><li class=\"\"><a href=\"#matt-lucas\">Matt Lucas<\/a><\/li><li class=\"\"><a href=\"#anthony-carrigan\">Anthony Carrigan<\/a><\/li><\/ul><\/li><li class=\"\"><a href=\"#como-afrontar-la-alopecia-que-se-puede-hacer\">C\u00f3mo Afrontar la Alopecia: \u00bfQu\u00e9 Se Puede Hacer?<\/a><\/li><\/ul><\/nav><\/div>\n\n\n\n<h2 class=\"wp-block-heading\" id=\"que-es-la-alopecia\"><strong>\u00bfQu\u00e9 es la Alopecia?<\/strong><\/h2>\n\n\n\n<p>La alopecia es una condici\u00f3n m\u00e9dica que provoca la p\u00e9rdida parcial o completa del cabello. Los tipos m\u00e1s comunes incluyen:<\/p>\n\n\n\n<ul class=\"wp-block-list\">\n<li><strong>Alopecia Areata:<\/strong> Un trastorno autoinmune que causa la <a href=\"https:\/\/haircenterofturkey.com\/es\/el-gel-para-el-cabello-puede-causar-caida-del-cabello-causas-mitos-y-prevencion\/\">ca\u00edda del cabello<\/a> en \u00e1reas espec\u00edficas.<\/li>\n\n\n\n<li><strong>Alopecia Androg\u00e9nica:<\/strong> Tambi\u00e9n conocida como calvicie de patr\u00f3n masculino o femenino.<\/li>\n\n\n\n<li><strong>Alopecia por Tracci\u00f3n:<\/strong> P\u00e9rdida de cabello causada por una tensi\u00f3n excesiva o pr\u00e1cticas de <a href=\"https:\/\/haircenterofturkey.com\/es\/los-mejores-peinados-para-diferentes-formas-de-rostro\/\">peinado<\/a>.<\/li>\n\n\n\n<li><strong>Alopecia Totalis y Universalis:<\/strong> Formas m\u00e1s graves que causan la p\u00e9rdida total del cabello en el <a href=\"https:\/\/haircenterofturkey.com\/es\/que-puede-aliviar-tu-cuero-cabelludo\/\">cuero cabelludo<\/a> o en todo el cuerpo.<\/li>\n<\/ul>\n\n\n\n<figure class=\"wp-block-image\"><img decoding=\"async\" src=\"https:\/\/haircenterofturkey.com\/wp-content\/uploads\/2025\/01\/celebrities-alopecia-1.webp\" alt=\"Celebridades con Alopecia: Figuras Famosas que Han Experimentado P\u00e9rdida de Cabello\" title=\"\"><\/figure>\n\n\n\n<p><\/p>\n\n\n\n<h2 class=\"wp-block-heading\" id=\"celebridades-famosas-con-alopecia\"><strong>Celebridades Famosas con Alopecia<\/strong><\/h2>\n\n\n\n<h3 class=\"wp-block-heading\" id=\"jada-pinkett-smith\">Jada Pinkett Smith<\/h3>\n\n\n\n<p><strong>Jada Pinkett Smith<\/strong> ha sido abierta sobre su lucha contra la alopecia areata. Revel\u00f3 su condici\u00f3n en 2018 y desde entonces ha hablado sobre los desaf\u00edos emocionales de la<strong> p\u00e9rdida de cabello<\/strong>. Su discusi\u00f3n p\u00fablica ha ayudado a aumentar la conciencia sobre la alopecia y sus efectos.<\/p>\n\n\n\n<figure class=\"wp-block-image\"><img decoding=\"async\" src=\"https:\/\/haircenterofturkey.com\/wp-content\/uploads\/2025\/01\/celebrities-alopecia-2.webp\" alt=\"Celebridades con Alopecia: Figuras Famosas que Han Experimentado P\u00e9rdida de Cabello\" title=\"\"><\/figure>\n\n\n\n<p><\/p>\n\n\n\n<h3 class=\"wp-block-heading\" id=\"viola-davis\">Viola Davis<\/h3>\n\n\n\n<p>La actriz ganadora del Premio de la Academia, <strong>Viola Davis<\/strong>, sufri\u00f3 de alopecia por tracci\u00f3n debido al estr\u00e9s y las pr\u00e1cticas de peinado. Ha hablado abiertamente sobre c\u00f3mo la<strong> p\u00e9rdida de cabello<\/strong> afect\u00f3 su autoestima y c\u00f3mo aprendi\u00f3 a aceptar su belleza natural.<\/p>\n\n\n\n<figure class=\"wp-block-image\"><img decoding=\"async\" src=\"https:\/\/haircenterofturkey.com\/wp-content\/uploads\/2025\/01\/celebrities-alopecia-3.webp\" alt=\"Celebridades con Alopecia: Figuras Famosas que Han Experimentado P\u00e9rdida de Cabello\" title=\"\"><\/figure>\n\n\n\n<p><\/p>\n\n\n\n<h3 class=\"wp-block-heading\" id=\"tyra-banks\">Tyra Banks<\/h3>\n\n\n\n<p>La <strong>supermodelo Tyra Banks<\/strong> sufri\u00f3 alopecia relacionada con el estr\u00e9s, lo que provoc\u00f3 un adelgazamiento del cabello. Ha compartido c\u00f3mo las presiones de su carrera contribuyeron a la p\u00e9rdida de su cabello y c\u00f3mo logr\u00f3 recuperar su confianza.<\/p>\n\n\n\n<figure class=\"wp-block-image\"><img decoding=\"async\" src=\"https:\/\/haircenterofturkey.com\/wp-content\/uploads\/2025\/01\/celebrities-alopecia-4.webp\" alt=\"Celebridades con Alopecia: Figuras Famosas que Han Experimentado P\u00e9rdida de Cabello\" title=\"\"><\/figure>\n\n\n\n<p><\/p>\n\n\n\n<h3 class=\"wp-block-heading\" id=\"matt-lucas\">Matt Lucas<\/h3>\n\n\n\n<p>El <strong>comediante y actor Matt Lucas<\/strong> perdi\u00f3 su cabello a los seis a\u00f1os debido a la alopecia universalis. A pesar de esto, ha construido una carrera exitosa y a menudo abraza su aspecto calvo, demostrando que la confianza es clave.<\/p>\n\n\n\n<figure class=\"wp-block-image\"><img decoding=\"async\" src=\"https:\/\/haircenterofturkey.com\/wp-content\/uploads\/2025\/01\/celebrities-alopecia-5.webp\" alt=\"Celebridades con Alopecia: Figuras Famosas que Han Experimentado P\u00e9rdida de Cabello\" title=\"\"><\/figure>\n\n\n\n<p><\/p>\n\n\n\n<h3 class=\"wp-block-heading\" id=\"anthony-carrigan\">Anthony Carrigan<\/h3>\n\n\n\n<p>El <strong>actor<\/strong> conocido por sus papeles en Barry y Gotham tiene <strong>alopecia areata<\/strong>. Ha hablado sobre sus dificultades iniciales con la condici\u00f3n, pero luego abraz\u00f3 su apariencia \u00fanica, lo que le ha ayudado a destacar en Hollywood.<\/p>\n\n\n\n<figure class=\"wp-block-image\"><img decoding=\"async\" src=\"https:\/\/haircenterofturkey.com\/wp-content\/uploads\/2025\/01\/celebrities-alopecia-6.webp\" alt=\"Celebridades con Alopecia: Figuras Famosas que Han Experimentado P\u00e9rdida de Cabello\" title=\"\"><\/figure>\n\n\n\n<p><\/p>\n\n\n\n<h2 class=\"wp-block-heading\" id=\"como-afrontar-la-alopecia-que-se-puede-hacer\"><strong>C\u00f3mo Afrontar la Alopecia: \u00bfQu\u00e9 Se Puede Hacer?<\/strong><\/h2>\n\n\n\n<p>Aunque no existe una cura garantizada para la <strong>alopecia<\/strong>, varios tratamientos y estrategias de afrontamiento pueden ayudar a manejar la condici\u00f3n:<\/p>\n\n\n\n<ul class=\"wp-block-list\">\n<li><strong><a href=\"https:\/\/haircenterofturkey.com\/es\/que-medicamentos-se-utilizan-en-el-trasplante-capilar\/\">Minoxidil<\/a> (Rogaine):<\/strong> Un tratamiento t\u00f3pico que puede ralentizar la p\u00e9rdida de cabello y promover el crecimiento.<\/li>\n\n\n\n<li><strong>Corticosteroides:<\/strong> Usados para reducir la inflamaci\u00f3n en casos de alopecia areata.<\/li>\n\n\n\n<li><strong>Trasplantes Capilares:<\/strong> Una opci\u00f3n quir\u00fargica para quienes padecen calvicie de patr\u00f3n.<\/li>\n\n\n\n<li><strong>Pelucas y Extensiones de Cabello:<\/strong> Muchas celebridades usan pelucas para cubrir la p\u00e9rdida de cabello mientras mantienen sus estilos caracter\u00edsticos.<\/li>\n\n\n\n<li><strong>Aceptar la Calvicie:<\/strong> Algunas personas eligen aceptar la p\u00e9rdida de cabello y redefinir los est\u00e1ndares de belleza.<\/li>\n<\/ul>\n\n\n\n<p>La <strong>alopecia<\/strong> puede ser desafiante, pero muchas celebridades han demostrado que la confianza y la autoaceptaci\u00f3n pueden hacer una diferencia significativa. Ya sea mediante tratamiento o aceptando la p\u00e9rdida de cabello, aquellos que experimentan alopecia pueden encontrar inspiraci\u00f3n en las trayectorias de estas figuras p\u00fablicas.<\/p>\n\n\n\n<p class=\"has-text-align-center\"><strong>F.A.Q. (Preguntas frecuentes)<\/strong><\/p>\n\n\n\n<p>S\u00ed, el estr\u00e9s puede desencadenar ciertos tipos de alopecia, como el efluvio tel\u00f3geno y la alopecia areata. Controlar el estr\u00e9s mediante t\u00e9cnicas de relajaci\u00f3n, una dieta equilibrada y un cuidado adecuado del cabello puede ayudar a reducir la p\u00e9rdida de cabello.<\/p>\n\n\n\n<p>La mayor\u00eda de los casos de alopecia, como la alopecia areata o universalis, no pueden tratarse con trasplantes capilares porque est\u00e1n relacionados con el sistema autoinmune. Sin embargo, en condiciones como la alopecia por tracci\u00f3n, el <a href=\"https:\/\/haircenterofturkey.com\/es\/donde-hacerse-un-trasplante-capilar\/\">trasplante capilar<\/a> puede ser una opci\u00f3n viable si los fol\u00edculos capilares est\u00e1n permanentemente da\u00f1ados.<\/p>\n\n\n\n<p>S\u00ed, varios hombres famosos tienen alopecia, incluidos Matt Lucas, Anthony Carrigan y Ne-Yo. Ellos han hablado abiertamente sobre sus experiencias con la p\u00e9rdida de cabello y han abrazado su apariencia con confianza.<\/p>\n","protected":false},"excerpt":{"rendered":"<p>Celebridades con Alopecia: Figuras Famosas que Han Experimentado P\u00e9rdida de Cabello La alopecia es una condici\u00f3n que afecta a millones de personas en todo el mundo, incluidas las celebridades. Ya sea causada por la gen\u00e9tica, trastornos autoinmunes o otros factores, la p\u00e9rdida de cabello puede impactar significativamente la confianza de una persona. En este art\u00edculo, [&hellip;]<\/p>\n","protected":false},"author":2,"featured_media":6722,"comment_status":"closed","ping_status":"closed","sticky":false,"template":"","format":"standard","meta":{"footnotes":""},"categories":[5,142],"tags":[],"class_list":["post-6232","post","type-post","status-publish","format-standard","has-post-thumbnail","hentry","category-blog","category-caida-del-cabello"],"_links":{"self":[{"href":"https:\/\/haircenterofturkey.com\/es\/wp-json\/wp\/v2\/posts\/6232","targetHints":{"allow":["GET"]}}],"collection":[{"href":"https:\/\/haircenterofturkey.com\/es\/wp-json\/wp\/v2\/posts"}],"about":[{"href":"https:\/\/haircenterofturkey.com\/es\/wp-json\/wp\/v2\/types\/post"}],"author":[{"embeddable":true,"href":"https:\/\/haircenterofturkey.com\/es\/wp-json\/wp\/v2\/users\/2"}],"replies":[{"embeddable":true,"href":"https:\/\/haircenterofturkey.com\/es\/wp-json\/wp\/v2\/comments?post=6232"}],"version-history":[{"count":3,"href":"https:\/\/haircenterofturkey.com\/es\/wp-json\/wp\/v2\/posts\/6232\/revisions"}],"predecessor-version":[{"id":33601,"href":"https:\/\/haircenterofturkey.com\/es\/wp-json\/wp\/v2\/posts\/6232\/revisions\/33601"}],"wp:featuredmedia":[{"embeddable":true,"href":"https:\/\/haircenterofturkey.com\/es\/wp-json\/wp\/v2\/media\/6722"}],"wp:attachment":[{"href":"https:\/\/haircenterofturkey.com\/es\/wp-json\/wp\/v2\/media?parent=6232"}],"wp:term":[{"taxonomy":"category","embeddable":true,"href":"https:\/\/haircenterofturkey.com\/es\/wp-json\/wp\/v2\/categories?post=6232"},{"taxonomy":"post_tag","embeddable":true,"href":"https:\/\/haircenterofturkey.com\/es\/wp-json\/wp\/v2\/tags?post=6232"}],"curies":[{"name":"wp","href":"https:\/\/api.w.org\/{rel}","templated":true}]}}