{"id":36675,"date":"2026-04-22T15:39:49","date_gmt":"2026-04-22T12:39:49","guid":{"rendered":"https:\/\/haircenterofturkey.com\/?p=36675"},"modified":"2026-04-24T17:54:01","modified_gmt":"2026-04-24T14:54:01","slug":"los-suplementos-realmente-detienen-la-caida-del-cabello","status":"publish","type":"post","link":"https:\/\/haircenterofturkey.com\/es\/los-suplementos-realmente-detienen-la-caida-del-cabello\/","title":{"rendered":"\u00bfLos suplementos realmente detienen la ca\u00edda del cabello?"},"content":{"rendered":"\n<p>Probablemente hayas visto los anuncios. Un frasco de gomitas, un antes y un despu\u00e9s de confianza, la promesa de que unas cuantas c\u00e1psulas al d\u00eda te devolver\u00e1n la l\u00ednea del cabello. Suena f\u00e1cil. Y en cierto modo, ese es el problema. La ca\u00edda del cabello rara vez tiene una causa \u00fanica, por lo que la idea de que un suplemento puede solucionarla silenciosamente tiende a desmoronarse en el momento en que se mira m\u00e1s de cerca.<\/p>\n\n\n\n<div class=\"wp-block-rank-math-toc-block\" id=\"rank-math-toc\"><h2>Tabla de contenidos<\/h2><nav><ul><li class=\"\"><a href=\"#why-shedding-happens-in-the-first-place\">Por qu\u00e9 ocurre la muda en primer lugar<\/a><\/li><li class=\"\"><a href=\"#what-vitamins-and-minerals-actually-do-for-hair\">Qu\u00e9 hacen realmente las vitaminas y los minerales por el cabello<\/a><\/li><li class=\"\"><a href=\"#the-biotin-myth-that-wont-die\">El mito de la biotina que no morir\u00e1<\/a><\/li><li class=\"\"><a href=\"#when-supplements-can-help-and-when-they-cant\">Cu\u00e1ndo los suplementos pueden ayudar y cu\u00e1ndo no<\/a><\/li><li class=\"\"><a href=\"#how-to-tell-if-your-hair-loss-is-nutritional-or-something-el\">C\u00f3mo saber si la ca\u00edda del cabello es nutricional o algo m\u00e1s<\/a><\/li><li class=\"\"><a href=\"#where-clinical-evaluation-makes-the-difference\">Donde la evaluaci\u00f3n cl\u00ednica marca la diferencia<\/a><\/li><li class=\"\"><a href=\"#what-a-realistic-approach-looks-like\">C\u00f3mo se ve un enfoque realista<\/a><\/li><li class=\"\"><a href=\"#thinking-about-treatment-in-istanbul\">Pensando en el tratamiento en Estambul<\/a><\/li><li class=\"\"><a href=\"#final-thoughts\">Pensamientos finales<\/a><\/li><li class=\"\"><a href=\"#faq\">Preguntas frecuentes<\/a><ul><li class=\"\"><a href=\"#faq-9788c5a5\">\u00bfPueden los suplementos por s\u00ed solos detener la ca\u00edda gen\u00e9tica del cabello?<\/a><\/li><li class=\"\"><a href=\"#faq-be9ce1c7\">\u00bfCu\u00e1nto tiempo debo tomar un suplemento antes de juzgar si funciona?<\/a><\/li><li class=\"\"><a href=\"#faq-acd1ad37\">\u00bfEs realmente necesaria la biotina para el crecimiento del cabello?<\/a><\/li><li class=\"\"><a href=\"#faq-ad6abb46\">\u00bfDebo hacerme an\u00e1lisis de sangre antes de comprar suplementos?<\/a><\/li><li class=\"\"><a href=\"#faq-f2436553\">\u00bfCu\u00e1ndo debo considerar una consulta cl\u00ednica en lugar de suplementos?<\/a><\/li><\/ul><\/li><\/ul><\/nav><\/div>\n\n\n\n<p>Aun as\u00ed, la pregunta es justa. Los suplementos influyen en el cuerpo. El verdadero problema es saber d\u00f3nde ayudan, d\u00f3nde no y cu\u00e1ndo la muda que ves en la ducha necesita un tipo diferente de atenci\u00f3n.<\/p>\n\n\n\n<h2 class=\"wp-block-heading\" id=\"why-shedding-happens-in-the-first-place\">Por qu\u00e9 ocurre la muda en primer lugar<\/h2>\n\n\n\n<p>El cabello pasa por ciclos. Crecimiento, descanso, liberaci\u00f3n. Eso es normal. Lo que no es normal es cuando la muda supera el crecimiento durante semanas, o cuando la densidad en la parte superior comienza a disminuir en un patr\u00f3n que reconoces de un padre o hermano.<\/p>\n\n\n\n<p>La ca\u00edda del cabello gen\u00e9tica, tambi\u00e9n conocida como alopecia androgen\u00e9tica, sigue su propio calendario. Est\u00e1 impulsado por la sensibilidad hormonal a nivel de los fol\u00edculos, no por lo que falta en tu plato. La muda relacionada con el estr\u00e9s es diferente. Tambi\u00e9n lo es la p\u00e9rdida de cabello despu\u00e9s de una enfermedad, el adelgazamiento relacionado con la tiroides, la deficiencia de hierro y la p\u00e9rdida difusa que a veces sigue a las dietas estrictas. Cada uno tiene un mecanismo diferente. Y cada uno responde al tratamiento de manera diferente.<\/p>\n\n\n\n<p>Esto es importante porque los suplementos funcionan mejor cuando hay una deficiencia real que corregir. Sin uno, el beneficio tiende a ser peque\u00f1o y, a veces, imaginario.<\/p>\n\n\n\n<figure class=\"wp-block-image size-large\"><img loading=\"lazy\" decoding=\"async\" width=\"1024\" height=\"569\" src=\"https:\/\/haircenterofturkey.com\/wp-content\/uploads\/2026\/04\/What-Vitamins-and-Minerals-Actually-Do-for-Hair-1024x569.webp\" alt=\"\" class=\"wp-image-36185\" title=\"\" srcset=\"https:\/\/haircenterofturkey.com\/wp-content\/uploads\/2026\/04\/What-Vitamins-and-Minerals-Actually-Do-for-Hair-1024x569.webp 1024w, https:\/\/haircenterofturkey.com\/wp-content\/uploads\/2026\/04\/What-Vitamins-and-Minerals-Actually-Do-for-Hair-300x167.webp 300w, https:\/\/haircenterofturkey.com\/wp-content\/uploads\/2026\/04\/What-Vitamins-and-Minerals-Actually-Do-for-Hair-768x427.webp 768w, https:\/\/haircenterofturkey.com\/wp-content\/uploads\/2026\/04\/What-Vitamins-and-Minerals-Actually-Do-for-Hair-150x83.webp 150w, https:\/\/haircenterofturkey.com\/wp-content\/uploads\/2026\/04\/What-Vitamins-and-Minerals-Actually-Do-for-Hair.webp 1080w\" sizes=\"auto, (max-width: 1024px) 100vw, 1024px\" \/><\/figure>\n\n\n\n<h2 class=\"wp-block-heading\" id=\"what-vitamins-and-minerals-actually-do-for-hair\">Qu\u00e9 hacen realmente las vitaminas y los minerales por el cabello<\/h2>\n\n\n\n<p>El cabello es prote\u00edna, principalmente queratina, y est\u00e1 formado por fol\u00edculos que necesitan un suministro constante de nutrientes para seguir cicl\u00e1ndose correctamente. Cuando cae el suministro, el fol\u00edculo reacciona. Se ralentiza, entra en reposo antes y produce hebras m\u00e1s finas.<\/p>\n\n\n\n<p>Los nutrientes relacionados m\u00e1s consistentemente con la calidad del cabello incluyen:<\/p>\n\n\n\n<ul class=\"wp-block-list\">\n<li>Hierro, especialmente niveles de ferritina, que a menudo aparecen bajos en mujeres que experimentan adelgazamiento difuso.<\/li>\n\n\n\n<li>Vitamina D, que desempe\u00f1a un papel en el ciclo del fol\u00edculo.<\/li>\n\n\n\n<li>Zinc, que favorece la reparaci\u00f3n de tejidos y la funci\u00f3n de las gl\u00e1ndulas seb\u00e1ceas alrededor del fol\u00edculo.<\/li>\n\n\n\n<li>Vitaminas del complejo B, particularmente B12 y biotina, aunque la deficiencia de biotina es realmente rara<\/li>\n\n\n\n<li>Ingesta general de prote\u00ednas, que a menudo se subestima en dietas restrictivas<\/li>\n<\/ul>\n\n\n\n<p>Si uno de ellos es bajo, corregirlo puede marcar una diferencia real. Pero tomar dosis altas cuando sus niveles ya est\u00e1n bien no aumenta el crecimiento del cabello. El cuerpo realmente no funciona de esa manera.<\/p>\n\n\n\n<h2 class=\"wp-block-heading\" id=\"the-biotin-myth-that-wont-die\">El mito de la biotina que no morir\u00e1<\/h2>\n\n\n\n<p>La biotina recibe el marketing m\u00e1s ruidoso. Los champ\u00fas, sueros, masticables e incluso cremas para caf\u00e9 ahora lo incluyen en la etiqueta frontal. Y, sin embargo, la deficiencia de biotina en adultos sanos es inusual. La mayor\u00eda de las personas que siguen una dieta variada ya obtienen lo suficiente.<\/p>\n\n\n\n<p>Entonces \u00bfpor qu\u00e9 se sigue vendiendo? En parte porque parece inofensivo. En parte porque algunos usuarios realmente ven un cabello con una sensaci\u00f3n m\u00e1s espesa, aunque eso suele ser una coincidencia con cambios estacionales u otros cambios. De hecho, las dosis altas de biotina pueden interferir con ciertos an\u00e1lisis de sangre, lo cual vale la pena mencionarle a su m\u00e9dico antes de los an\u00e1lisis de laboratorio.<\/p>\n\n\n\n<h2 class=\"wp-block-heading\" id=\"when-supplements-can-help-and-when-they-cant\">Cu\u00e1ndo los suplementos pueden ayudar y cu\u00e1ndo no<\/h2>\n\n\n\n<p>En la pr\u00e1ctica, los suplementos tienden a ser \u00fatiles en un per\u00edodo limitado. Funcionan cuando se confirma una deficiencia, cuando la dosis coincide con la diferencia y cuando la persona contin\u00faa tom\u00e1ndolos el tiempo suficiente para ver un ciclo de rebrote, lo que generalmente significa de tres a seis meses como m\u00ednimo.<\/p>\n\n\n\n<p>Son mucho menos \u00fatiles cuando la causa subyacente es gen\u00e9tica. Un hombre de veintitantos a\u00f1os que nota que sus sienes retroceden no volver\u00e1 a crecer ese cabello con pastillas de zinc. Los fol\u00edculos que responden a las se\u00f1ales hormonales necesitan un tipo diferente de intervenci\u00f3n, y pretender lo contrario s\u00f3lo cuesta tiempo.<\/p>\n\n\n\n<h2 class=\"wp-block-heading\" id=\"how-to-tell-if-your-hair-loss-is-nutritional-or-something-el\">C\u00f3mo saber si la ca\u00edda del cabello es nutricional o algo m\u00e1s<\/h2>\n\n\n\n<p>Algunas se\u00f1ales tienden a separarlos. La p\u00e9rdida de nutrientes suele ser difusa, extendida por todo el cuero cabelludo y, a menudo, aparece unos meses despu\u00e9s de un desencadenante como una enfermedad, un embarazo o una p\u00e9rdida de peso significativa. El cabello cae m\u00e1s de lo habitual, pero el patr\u00f3n general permanece intacto.<\/p>\n\n\n\n<p>La p\u00e9rdida de patr\u00f3n se ve diferente. La l\u00ednea del cabello cambia. La corona se adelgaza. Los pelos miniaturizados comienzan a reemplazar a los m\u00e1s gruesos. Un \u00e1rea donante, el anillo de cabello alrededor de los costados y la espalda, generalmente permanece intacta. Ese patr\u00f3n es la clave.<\/p>\n\n\n\n<p>Los an\u00e1lisis de sangre ayudan. Lo mismo ocurre con una evaluaci\u00f3n adecuada del cuero cabelludo. Adivinar s\u00f3lo con el espejo rara vez te da una idea completa.<\/p>\n\n\n\n<h2 class=\"wp-block-heading\" id=\"where-clinical-evaluation-makes-the-difference\">Donde la evaluaci\u00f3n cl\u00ednica marca la diferencia<\/h2>\n\n\n\n<p>Aqu\u00ed es donde una consulta estructurada gana su lugar. En una cl\u00ednica bien organizada como <strong>Centro capilar de Turqu\u00eda<\/strong>, el primer paso no es una recomendaci\u00f3n de tratamiento. Es un an\u00e1lisis del \u00e1rea donante, una revisi\u00f3n del patr\u00f3n de muda y una conversaci\u00f3n sobre lo que realmente est\u00e1 causando la p\u00e9rdida. A veces, la respuesta es una derivaci\u00f3n para comprobar los niveles de ferritina y tiroides. A veces es un tratamiento t\u00f3pico. Y a veces, cuando la p\u00e9rdida es claramente gen\u00e9tica y estable, la conversaci\u00f3n gira hacia la planificaci\u00f3n del injerto.<\/p>\n\n\n\n<p>La cuesti\u00f3n es que la recomendaci\u00f3n sigue al diagn\u00f3stico, y no al rev\u00e9s. Esa es la parte que la mayor\u00eda de los cuestionarios de suplementos en l\u00ednea omiten silenciosamente.<\/p>\n\n\n\n<h2 class=\"wp-block-heading\" id=\"what-a-realistic-approach-looks-like\">C\u00f3mo se ve un enfoque realista<\/h2>\n\n\n\n<p>Si est\u00e1 perdiendo m\u00e1s de lo habitual y no est\u00e1 seguro de por qu\u00e9, un orden tranquilo de operaciones tiende a funcionar mejor que las compras de p\u00e1nico:<\/p>\n\n\n\n<ol class=\"wp-block-list\">\n<li>H\u00e1gase an\u00e1lisis de sangre b\u00e1sicos, incluidos ferritina, vitamina D, funci\u00f3n tiroidea y B12.<\/li>\n\n\n\n<li>Revisar acontecimientos recientes de la vida, enfermedades, estr\u00e9s, cambios en la dieta, medicamentos.<\/li>\n\n\n\n<li>Corrija cualquier deficiencia confirmada primero con alimentos y luego con suplementos.<\/li>\n\n\n\n<li>Espere de tres a seis meses antes de juzgar el resultado.<\/li>\n\n\n\n<li>Si el patr\u00f3n sugiere p\u00e9rdida gen\u00e9tica, reserve una evaluaci\u00f3n cl\u00ednica adecuada.<\/li>\n<\/ol>\n\n\n\n<p>Esa secuencia ahorra dinero y tiempo. Y evita que usted acumule suplementos que no se ajusten al problema real.<\/p>\n\n\n\n<figure class=\"wp-block-image size-large\"><img loading=\"lazy\" decoding=\"async\" width=\"1024\" height=\"569\" src=\"https:\/\/haircenterofturkey.com\/wp-content\/uploads\/2026\/04\/Thinking-About-Treatment-in-Istanbul-1024x569.webp\" alt=\"\" class=\"wp-image-36186\" title=\"\" srcset=\"https:\/\/haircenterofturkey.com\/wp-content\/uploads\/2026\/04\/Thinking-About-Treatment-in-Istanbul-1024x569.webp 1024w, https:\/\/haircenterofturkey.com\/wp-content\/uploads\/2026\/04\/Thinking-About-Treatment-in-Istanbul-300x167.webp 300w, https:\/\/haircenterofturkey.com\/wp-content\/uploads\/2026\/04\/Thinking-About-Treatment-in-Istanbul-768x427.webp 768w, https:\/\/haircenterofturkey.com\/wp-content\/uploads\/2026\/04\/Thinking-About-Treatment-in-Istanbul-150x83.webp 150w, https:\/\/haircenterofturkey.com\/wp-content\/uploads\/2026\/04\/Thinking-About-Treatment-in-Istanbul.webp 1080w\" sizes=\"auto, (max-width: 1024px) 100vw, 1024px\" \/><\/figure>\n\n\n\n<h2 class=\"wp-block-heading\" id=\"thinking-about-treatment-in-istanbul\">Pensando en el tratamiento en Estambul<\/h2>\n\n\n\n<p>Para los lectores internacionales que sopesan sus opciones, Turqu\u00eda se ha convertido en un destino pr\u00e1ctico para el tratamiento del cabello estructurado, en parte porque el proceso de evaluaci\u00f3n tiende a ser exhaustivo antes de sugerir cualquier otra cosa. <strong>Centro capilar de Turqu\u00eda<\/strong>, por ejemplo, normalmente comienza con una consulta en l\u00ednea que revisa fotograf\u00edas, historial m\u00e9dico y patrones de muda actuales. El objetivo es entender si el paciente necesita orientaci\u00f3n nutricional, tratamiento m\u00e9dico, un trasplante o simplemente tiempo.<\/p>\n\n\n\n<p>Esa claridad inicial es importante. Permite a los pacientes viajar con expectativas realistas en lugar de suposiciones basadas en contenido de marketing.<\/p>\n\n\n\n<h2 class=\"wp-block-heading\" id=\"final-thoughts\">Pensamientos finales<\/h2>\n\n\n\n<p>Los suplementos no son m\u00e1gicos. Pero tampoco son in\u00fatiles. Ocupan un papel espec\u00edfico y limitado en la salud del cabello y funcionan mejor cuando la persona que los toma realmente necesita lo que hay en el frasco. El verdadero progreso tiende a provenir de comprender por qu\u00e9 el cabello se cae y luego elegir una respuesta que coincida con la causa.<\/p>\n\n\n\n<p>Para cualquiera que no est\u00e9 seguro de cu\u00e1l es su propia situaci\u00f3n, una evaluaci\u00f3n adecuada, ya sea con un dermat\u00f3logo local o una cl\u00ednica estructurada como <strong>Centro capilar de Turqu\u00eda<\/strong>, generalmente reemplaza las conjeturas con un plan. Y un plan, incluso uno simple, tiende a superar a un gabinete lleno de c\u00e1psulas.<\/p>\n\n\n\n<h2 class=\"wp-block-heading\" id=\"faq\">Preguntas frecuentes<\/h2>\n\n\n<div id=\"rank-math-faq\" class=\"rank-math-block\">\n<div class=\"rank-math-list \">\n<div id=\"faq-9788c5a5\" class=\"rank-math-list-item\">\n<h3 class=\"rank-math-question \">\u00bfPueden los suplementos por s\u00ed solos detener la ca\u00edda gen\u00e9tica del cabello?<\/h3>\n<div class=\"rank-math-answer \">\n\n<p>No. La ca\u00edda gen\u00e9tica del cabello est\u00e1 impulsada por la sensibilidad hormonal en el fol\u00edculo, no por la falta de nutrientes. Los suplementos pueden mejorar la calidad general del cabello, pero no revertir\u00e1n la calvicie por s\u00ed solos.<\/p>\n\n<\/div>\n<\/div>\n<div id=\"faq-be9ce1c7\" class=\"rank-math-list-item\">\n<h3 class=\"rank-math-question \">\u00bfCu\u00e1nto tiempo debo tomar un suplemento antes de juzgar si funciona?<\/h3>\n<div class=\"rank-math-answer \">\n\n<p>Al menos de tres a seis meses. Los ciclos capilares son lentos y los plazos m\u00e1s cortos no suelen reflejar un cambio real. Si no hay una mejora visible al sexto mes, la causa probablemente no sea nutricional.<\/p>\n\n<\/div>\n<\/div>\n<div id=\"faq-acd1ad37\" class=\"rank-math-list-item\">\n<h3 class=\"rank-math-question \">\u00bfEs realmente necesaria la biotina para el crecimiento del cabello?<\/h3>\n<div class=\"rank-math-answer \">\n\n<p>Para la mayor\u00eda de las personas, no. La verdadera deficiencia de biotina es rara en adultos sanos que llevan una dieta variada. La biotina adicional generalmente no impulsa el crecimiento y puede interferir con algunas pruebas de laboratorio.<\/p>\n\n<\/div>\n<\/div>\n<div id=\"faq-ad6abb46\" class=\"rank-math-list-item\">\n<h3 class=\"rank-math-question \">\u00bfDebo hacerme an\u00e1lisis de sangre antes de comprar suplementos?<\/h3>\n<div class=\"rank-math-answer \">\n\n<p>Lo ideal ser\u00eda que s\u00ed. La ferritina, la vitamina D, la funci\u00f3n tiroidea y la B12 son los puntos de partida habituales. Corregir una deficiencia confirmada tiende a ayudar mucho m\u00e1s que adivinar.<\/p>\n\n<\/div>\n<\/div>\n<div id=\"faq-f2436553\" class=\"rank-math-list-item\">\n<h3 class=\"rank-math-question \">\u00bfCu\u00e1ndo debo considerar una consulta cl\u00ednica en lugar de suplementos?<\/h3>\n<div class=\"rank-math-answer \">\n\n<p>Si ve una entrada de cabello, adelgazamiento de la corona o un patr\u00f3n claro en lugar de ca\u00edda difusa, una evaluaci\u00f3n cl\u00ednica es el mejor siguiente paso. Cl\u00ednicas como Hair Center of Turkey normalmente comienzan con un an\u00e1lisis del \u00e1rea donante y una discusi\u00f3n sobre lo que realmente est\u00e1 provocando la p\u00e9rdida antes de recomendar cualquier tratamiento.<\/p>\n\n<\/div>\n<\/div>\n<\/div>\n<\/div>","protected":false},"excerpt":{"rendered":"<p>Probablemente hayas visto los anuncios. Un frasco de gomitas, un antes y un despu\u00e9s de confianza, la promesa de que unas cuantas c\u00e1psulas al d\u00eda te devolver\u00e1n la l\u00ednea del cabello. Suena f\u00e1cil. Y en cierto modo, ese es el problema. La ca\u00edda del cabello rara vez tiene una causa \u00fanica, por lo que la [&hellip;]<\/p>\n","protected":false},"author":2,"featured_media":36184,"comment_status":"closed","ping_status":"open","sticky":false,"template":"","format":"standard","meta":{"footnotes":""},"categories":[155],"tags":[],"class_list":["post-36675","post","type-post","status-publish","format-standard","has-post-thumbnail","hentry","category-cuidado-del-cabello"],"_links":{"self":[{"href":"https:\/\/haircenterofturkey.com\/es\/wp-json\/wp\/v2\/posts\/36675","targetHints":{"allow":["GET"]}}],"collection":[{"href":"https:\/\/haircenterofturkey.com\/es\/wp-json\/wp\/v2\/posts"}],"about":[{"href":"https:\/\/haircenterofturkey.com\/es\/wp-json\/wp\/v2\/types\/post"}],"author":[{"embeddable":true,"href":"https:\/\/haircenterofturkey.com\/es\/wp-json\/wp\/v2\/users\/2"}],"replies":[{"embeddable":true,"href":"https:\/\/haircenterofturkey.com\/es\/wp-json\/wp\/v2\/comments?post=36675"}],"version-history":[{"count":2,"href":"https:\/\/haircenterofturkey.com\/es\/wp-json\/wp\/v2\/posts\/36675\/revisions"}],"predecessor-version":[{"id":36677,"href":"https:\/\/haircenterofturkey.com\/es\/wp-json\/wp\/v2\/posts\/36675\/revisions\/36677"}],"wp:featuredmedia":[{"embeddable":true,"href":"https:\/\/haircenterofturkey.com\/es\/wp-json\/wp\/v2\/media\/36184"}],"wp:attachment":[{"href":"https:\/\/haircenterofturkey.com\/es\/wp-json\/wp\/v2\/media?parent=36675"}],"wp:term":[{"taxonomy":"category","embeddable":true,"href":"https:\/\/haircenterofturkey.com\/es\/wp-json\/wp\/v2\/categories?post=36675"},{"taxonomy":"post_tag","embeddable":true,"href":"https:\/\/haircenterofturkey.com\/es\/wp-json\/wp\/v2\/tags?post=36675"}],"curies":[{"name":"wp","href":"https:\/\/api.w.org\/{rel}","templated":true}]}}